{"id":61418,"date":"2025-08-14T11:14:17","date_gmt":"2025-08-14T11:14:17","guid":{"rendered":"https:\/\/dekkbi.com\/?p=61418"},"modified":"2025-08-14T11:14:18","modified_gmt":"2025-08-14T11:14:18","slug":"en-cisjordanie-lisolement-numerique-pese-sur-la-population","status":"publish","type":"post","link":"https:\/\/dekkbi.com\/?p=61418","title":{"rendered":"En Cisjordanie, l&rsquo;isolement num\u00e9rique p\u00e8se sur la population"},"content":{"rendered":"\n<p>Le r\u00e9seau satellitaire Starlink, propri\u00e9t\u00e9 d\u2019Elon Musk, a commenc\u00e9 \u00e0 op\u00e9rer en Isra\u00ebl. Il permet un acc\u00e8s toujours plus rapide \u00e0 internet et aux t\u00e9l\u00e9communications. Mais le milliardaire am\u00e9ricain a d\u00e9cid\u00e9 que son service n\u2019assurerait pas la couverture r\u00e9seau pour les territoires palestiniens. Une fa\u00e7on d\u2019isoler un peu plus la population qui vit sous occupation isra\u00e9lienne, alors qu\u2019en Cisjordanie par exemple, les Palestiniens n\u2019ont acc\u00e8s qu\u2019\u00e0 un r\u00e9seau 3G bien plus faible et capricieux qu\u2019en Isra\u00ebl.<\/p>\n\n\n\n<p><em>Avec \u00a0<strong>Alice Moreno<\/strong><\/em> <em>correspondante RFI \u00e0 Ramallah,<\/em><\/p>\n\n\n\n<p>Si le centre-ville de Ramallah dispose d\u2019une bonne couverture r\u00e9seau, c\u2019est beaucoup moins le cas dans les quartiers p\u00e9riph\u00e9riques. Tarek agite son t\u00e9l\u00e9phone, visiblement agac\u00e9&nbsp;: \u00ab&nbsp;<em>Le service, les communications en g\u00e9n\u00e9ral, sont tr\u00e8s faibles. Soit l\u2019\u00e9lectricit\u00e9 est coup\u00e9e \u00e0 cause de l\u2019occupation, soit les op\u00e9rateurs ne diffusent pas, ce qui rend la connexion internet et les communications tr\u00e8s lentes et p\u00e9nibles. Autrement dit, si nous sortons de Ramallah, internet et les appels sont parfois inexistants<\/em>.&nbsp;\u00bb&nbsp;<\/p>\n\n\n\n<h2 class=\"wp-block-heading\">\u00ab&nbsp;<em>Nous n\u2019avons que la 3G<\/em>&nbsp;\u00bb<\/h2>\n\n\n\n<p>Depuis les accords d\u2019Oslo, conclus dans les ann\u00e9es 1990, c\u2019est Isra\u00ebl qui a la main sur les ondes et fr\u00e9quences en Cisjordanie, rappelle un jeune \u00e9tudiant en ing\u00e9nierie informatique&nbsp;: \u00ab<em>&nbsp;Nous n\u2019avons aucun contr\u00f4le sur le r\u00e9seau ici. La d\u00e9cision ne nous revient pas, nous n\u2019avons que la 3G, alors que partout dans le monde, actuellement il y a la 4G. Mais ici, elle est interdite jusqu\u2019\u00e0 pr\u00e9sent, parce que les autorit\u00e9s isra\u00e9liennes ne veulent pas en entendre parler. Tandis qu\u2019eux ont la 5G&nbsp;!<\/em>&nbsp;\u00bb<\/p>\n\n\n\n<h2 class=\"wp-block-heading\">D\u00e9cision injuste<\/h2>\n\n\n\n<p>Il n\u2019est pas \u00e9tonn\u00e9 une seule seconde par la d\u00e9cision d\u2019Elon Musk de priver les Palestiniens du service satellitaire&nbsp;<strong><a href=\"https:\/\/www.rfi.fr\/fr\/europe\/20250726-en-ukraine-une-panne-mondiale-des-satellites-starlink-perturbe-les-communications-militaires\">Starlink<\/a><\/strong>&nbsp;: \u00ab<em>&nbsp;Sa d\u00e9cision est attendue, car il consid\u00e8re que n\u2019importe quel b\u00e9n\u00e9fice, n\u2019importe quel progr\u00e8s pour le peuple palestinien peut repr\u00e9senter un danger pour les Isra\u00e9liens.&nbsp;<\/em>\u00bb<\/p>\n\n\n\n<p>S\u2019il n\u2019est pas surpris, il d\u00e9nonce toutefois une d\u00e9cision injuste qui isole toujours un peu plus les&nbsp;<strong><a href=\"https:\/\/www.rfi.fr\/fr\/tag\/territoires-palestiniens\/\">Palestiniens<\/a><\/strong>&nbsp;du reste du monde.<\/p>\n","protected":false},"excerpt":{"rendered":"<p>Le r\u00e9seau satellitaire Starlink, propri\u00e9t\u00e9 d\u2019Elon Musk, a commenc\u00e9 \u00e0 op\u00e9rer en Isra\u00ebl. Il permet un acc\u00e8s toujours plus rapide<\/p>\n","protected":false},"author":1,"featured_media":61419,"comment_status":"open","ping_status":"open","sticky":false,"template":"","format":"standard","meta":{"footnotes":""},"categories":[51],"tags":[],"class_list":["post-61418","post","type-post","status-publish","format-standard","has-post-thumbnail","hentry","category-general"],"_links":{"self":[{"href":"https:\/\/dekkbi.com\/index.php?rest_route=\/wp\/v2\/posts\/61418","targetHints":{"allow":["GET"]}}],"collection":[{"href":"https:\/\/dekkbi.com\/index.php?rest_route=\/wp\/v2\/posts"}],"about":[{"href":"https:\/\/dekkbi.com\/index.php?rest_route=\/wp\/v2\/types\/post"}],"author":[{"embeddable":true,"href":"https:\/\/dekkbi.com\/index.php?rest_route=\/wp\/v2\/users\/1"}],"replies":[{"embeddable":true,"href":"https:\/\/dekkbi.com\/index.php?rest_route=%2Fwp%2Fv2%2Fcomments&post=61418"}],"version-history":[{"count":1,"href":"https:\/\/dekkbi.com\/index.php?rest_route=\/wp\/v2\/posts\/61418\/revisions"}],"predecessor-version":[{"id":61420,"href":"https:\/\/dekkbi.com\/index.php?rest_route=\/wp\/v2\/posts\/61418\/revisions\/61420"}],"wp:featuredmedia":[{"embeddable":true,"href":"https:\/\/dekkbi.com\/index.php?rest_route=\/wp\/v2\/media\/61419"}],"wp:attachment":[{"href":"https:\/\/dekkbi.com\/index.php?rest_route=%2Fwp%2Fv2%2Fmedia&parent=61418"}],"wp:term":[{"taxonomy":"category","embeddable":true,"href":"https:\/\/dekkbi.com\/index.php?rest_route=%2Fwp%2Fv2%2Fcategories&post=61418"},{"taxonomy":"post_tag","embeddable":true,"href":"https:\/\/dekkbi.com\/index.php?rest_route=%2Fwp%2Fv2%2Ftags&post=61418"}],"curies":[{"name":"wp","href":"https:\/\/api.w.org\/{rel}","templated":true}]}}