{"id":61409,"date":"2025-08-14T10:48:32","date_gmt":"2025-08-14T10:48:32","guid":{"rendered":"https:\/\/dekkbi.com\/?p=61409"},"modified":"2025-08-14T10:48:32","modified_gmt":"2025-08-14T10:48:32","slug":"le-president-faye-adresse-ses-voeux-les-plus-chaleureux-a-la-communaute-mouride","status":"publish","type":"post","link":"https:\/\/dekkbi.com\/?p=61409","title":{"rendered":"Le pr\u00e9sident Faye adresse ses \u201cv\u0153ux les plus chaleureux\u201d \u00e0 la communaut\u00e9 mouride"},"content":{"rendered":"\n<p>Dakar, 13 ao\u00fbt (APS) \u2013 Le chef de l\u2019Etat, Bassirou Diomaye Faye, a adress\u00e9 ses v\u0153ux \u201cles plus chaleureux\u201d \u00e0 la communaut\u00e9 mouride, qui c\u00e9l\u00e8bre, ce mercredi, la 131e \u00e9dition du Magal de Touba (centre) comm\u00e9morant le d\u00e9part en exil du Cheikh Ahmadou Bamba (1853-1927), fondateur du mouridisme, l\u2019une des confr\u00e9ries soufies les plus influentes du pays.<\/p>\n\n\n\n<p>\u201c\u00c0 l\u2019occasion du Magal de Touba, je formule mes v\u0153ux les plus chaleureux \u00e0 la communaut\u00e9 mouride du S\u00e9n\u00e9gal et de la diaspora\u201d, a-t-il \u00e9crit sur ses r\u00e9seaux sociaux.<\/p>\n\n\n\n<p>Le pr\u00e9sident Faye s\u2019est rendu, jeudi dernier, dans la cit\u00e9 religieuse, accompagn\u00e9 de la Premi\u00e8re dame, Absa Faye, et d\u2019une forte d\u00e9l\u00e9gation, pour une visite de courtoisie au khalife g\u00e9n\u00e9ral des mourides, Serigne Mountakha Mback\u00e9.<\/p>\n\n\n\n<p>\u201cQu\u2019Allah [lui] accorde [\u2026] une longue vie, une excellente sant\u00e9 et beaucoup de force pour continuer \u00e0 guider les fid\u00e8les\u201d, a notamment indiqu\u00e9 le chef de l\u2019Etat dans son message.<\/p>\n\n\n\n<p>Il a \u00e9galement tenu \u00e0 prier pour que le S\u00e9n\u00e9gal demeure un pays \u201cde paix durable, d\u2019unit\u00e9 fraternelle et de prosp\u00e9rit\u00e9 partag\u00e9e\u201d.<\/p>\n\n\n\n<p>ABB<\/p>\n","protected":false},"excerpt":{"rendered":"<p>Dakar, 13 ao\u00fbt (APS) \u2013 Le chef de l\u2019Etat, Bassirou Diomaye Faye, a adress\u00e9 ses v\u0153ux \u201cles plus chaleureux\u201d \u00e0<\/p>\n","protected":false},"author":1,"featured_media":61410,"comment_status":"open","ping_status":"open","sticky":false,"template":"","format":"standard","meta":{"footnotes":""},"categories":[6],"tags":[],"class_list":["post-61409","post","type-post","status-publish","format-standard","has-post-thumbnail","hentry","category-politics"],"_links":{"self":[{"href":"https:\/\/dekkbi.com\/index.php?rest_route=\/wp\/v2\/posts\/61409","targetHints":{"allow":["GET"]}}],"collection":[{"href":"https:\/\/dekkbi.com\/index.php?rest_route=\/wp\/v2\/posts"}],"about":[{"href":"https:\/\/dekkbi.com\/index.php?rest_route=\/wp\/v2\/types\/post"}],"author":[{"embeddable":true,"href":"https:\/\/dekkbi.com\/index.php?rest_route=\/wp\/v2\/users\/1"}],"replies":[{"embeddable":true,"href":"https:\/\/dekkbi.com\/index.php?rest_route=%2Fwp%2Fv2%2Fcomments&post=61409"}],"version-history":[{"count":1,"href":"https:\/\/dekkbi.com\/index.php?rest_route=\/wp\/v2\/posts\/61409\/revisions"}],"predecessor-version":[{"id":61411,"href":"https:\/\/dekkbi.com\/index.php?rest_route=\/wp\/v2\/posts\/61409\/revisions\/61411"}],"wp:featuredmedia":[{"embeddable":true,"href":"https:\/\/dekkbi.com\/index.php?rest_route=\/wp\/v2\/media\/61410"}],"wp:attachment":[{"href":"https:\/\/dekkbi.com\/index.php?rest_route=%2Fwp%2Fv2%2Fmedia&parent=61409"}],"wp:term":[{"taxonomy":"category","embeddable":true,"href":"https:\/\/dekkbi.com\/index.php?rest_route=%2Fwp%2Fv2%2Fcategories&post=61409"},{"taxonomy":"post_tag","embeddable":true,"href":"https:\/\/dekkbi.com\/index.php?rest_route=%2Fwp%2Fv2%2Ftags&post=61409"}],"curies":[{"name":"wp","href":"https:\/\/api.w.org\/{rel}","templated":true}]}}