{"id":61406,"date":"2025-08-14T10:45:23","date_gmt":"2025-08-14T10:45:23","guid":{"rendered":"https:\/\/dekkbi.com\/?p=61406"},"modified":"2025-08-14T10:45:23","modified_gmt":"2025-08-14T10:45:23","slug":"bamba-day-aux-usa-un-symbole-de-laura-internationale-du-cheikh","status":"publish","type":"post","link":"https:\/\/dekkbi.com\/?p=61406","title":{"rendered":"Bamba Day aux USA : Un symbole de l\u2019aura internationale du Cheikh"},"content":{"rendered":"\n<p>Dans la confr\u00e9rie mouride, il y a des dates qui restent grav\u00e9es dans la m\u00e9moire collective et dans l\u2019agenda de la communaut\u00e9. Le 28 juillet en fait partie. Ce jour symbolise le Bamba Day (Journ\u00e9e de Bamba aux \u00c9tats-Unis). L\u2019\u00e9v\u00e9nement a \u00e9t\u00e9 institu\u00e9 suite aux visites annuelles de Serigne Mouhamadou Mourtada Mback\u00e9, selon le penseur mouride et imam Dr Khadim Bousso.<\/p>\n\n\n\n<p>\u00ab\u2009Serigne Mouhamadou Mourtada venait voir les Mourides le 28 juillet de chaque ann\u00e9e. Et les Am\u00e9ricains ont retenu cette date, et c\u2019est comme \u00e7a qu\u2019\u00e0 l\u2019approche de cette date, ils nous disent que notre date arrive. Cette date est depuis lors inscrite dans leur agenda\u2009\u00bb, informe Dr Bousso. Cet \u00e9v\u00e9nement est c\u00e9l\u00e9br\u00e9 par une marche \u00e0 partir de 9 heures, de la 116e rue jusqu\u2019\u00e0 la 125e rue, en manifestant l\u2019Islam, en chantant l\u2019Islam. Par la suite, des discours sont prononc\u00e9s sur l\u2019Islam, le mouridisme et l\u2019\u00e9ducation, suivis d\u2019une conf\u00e9rence.<\/p>\n\n\n\n<p>\u00ab\u2009Aujourd\u2019hui, on nous a m\u00eame donn\u00e9 une plus grande salle. Ce sont d\u2019importants acquis pour la communaut\u00e9 mouride. Aux lendemains du 11 septembre 2001, une lettre nous avait \u00e9t\u00e9 adress\u00e9e par le Gouvernement am\u00e9ricain pour saluer notre d\u00e9marche et notre attachement \u00e0 la paix dans le monde tout en nous demandant de poursuivre nos activit\u00e9s. Cela montre tout le chemin parcouru \u00bb, explique Dr Khadim Bousso.<\/p>\n\n\n\n<p><strong>Par Demba DIENG<\/strong><br>LESOLEIL<\/p>\n","protected":false},"excerpt":{"rendered":"<p>Dans la confr\u00e9rie mouride, il y a des dates qui restent grav\u00e9es dans la m\u00e9moire collective et dans l\u2019agenda de<\/p>\n","protected":false},"author":1,"featured_media":61407,"comment_status":"open","ping_status":"open","sticky":false,"template":"","format":"standard","meta":{"footnotes":""},"categories":[21],"tags":[],"class_list":["post-61406","post","type-post","status-publish","format-standard","has-post-thumbnail","hentry","category-societe"],"_links":{"self":[{"href":"https:\/\/dekkbi.com\/index.php?rest_route=\/wp\/v2\/posts\/61406","targetHints":{"allow":["GET"]}}],"collection":[{"href":"https:\/\/dekkbi.com\/index.php?rest_route=\/wp\/v2\/posts"}],"about":[{"href":"https:\/\/dekkbi.com\/index.php?rest_route=\/wp\/v2\/types\/post"}],"author":[{"embeddable":true,"href":"https:\/\/dekkbi.com\/index.php?rest_route=\/wp\/v2\/users\/1"}],"replies":[{"embeddable":true,"href":"https:\/\/dekkbi.com\/index.php?rest_route=%2Fwp%2Fv2%2Fcomments&post=61406"}],"version-history":[{"count":1,"href":"https:\/\/dekkbi.com\/index.php?rest_route=\/wp\/v2\/posts\/61406\/revisions"}],"predecessor-version":[{"id":61408,"href":"https:\/\/dekkbi.com\/index.php?rest_route=\/wp\/v2\/posts\/61406\/revisions\/61408"}],"wp:featuredmedia":[{"embeddable":true,"href":"https:\/\/dekkbi.com\/index.php?rest_route=\/wp\/v2\/media\/61407"}],"wp:attachment":[{"href":"https:\/\/dekkbi.com\/index.php?rest_route=%2Fwp%2Fv2%2Fmedia&parent=61406"}],"wp:term":[{"taxonomy":"category","embeddable":true,"href":"https:\/\/dekkbi.com\/index.php?rest_route=%2Fwp%2Fv2%2Fcategories&post=61406"},{"taxonomy":"post_tag","embeddable":true,"href":"https:\/\/dekkbi.com\/index.php?rest_route=%2Fwp%2Fv2%2Ftags&post=61406"}],"curies":[{"name":"wp","href":"https:\/\/api.w.org\/{rel}","templated":true}]}}