{"id":61382,"date":"2025-08-14T10:24:49","date_gmt":"2025-08-14T10:24:49","guid":{"rendered":"https:\/\/dekkbi.com\/?p=61382"},"modified":"2025-08-14T10:24:49","modified_gmt":"2025-08-14T10:24:49","slug":"necrologie-deces-du-journaliste-de-la-rts-alassane-cisse","status":"publish","type":"post","link":"https:\/\/dekkbi.com\/?p=61382","title":{"rendered":"N\u00e9crologie : D\u00e9c\u00e8s du journaliste de la RTS, Alassane Ciss\u00e9"},"content":{"rendered":"\n<p>Le journaliste de la RTS, Alassane Ciss\u00e9 n\u2019est plus. Il est d\u00e9c\u00e9d\u00e9 ce mercredi 13 ao\u00fbt&nbsp;des suites d\u2019une longue maladie. Alassane Ciss\u00e9 \u00e9tait le Pr\u00e9sident de l\u2019Association des Journalistes en Sant\u00e9, Population et D\u00e9veloppement (AJSPD). Connu par ses convictions, Alassane Ciss\u00e9 \u00e9tait un confr\u00e8re \u00e9m\u00e9rite et tr\u00e8s professionnel. Il a eu \u00e9galement \u00e0 pr\u00e9senter le journal t\u00e9l\u00e9vis\u00e9 de 20h sur la RTS.&nbsp;<\/p>\n\n\n\n<p>Dakaractu pr\u00e9sente ses condol\u00e9ances \u00e0 sa famille et \u00e0 toute l\u2019\u00e9quipe de la RTS.&nbsp;<\/p>\n\n\n\n<p>SOURCE DAKARACTU<\/p>\n","protected":false},"excerpt":{"rendered":"<p>Le journaliste de la RTS, Alassane Ciss\u00e9 n\u2019est plus. Il est d\u00e9c\u00e9d\u00e9 ce mercredi 13 ao\u00fbt&nbsp;des suites d\u2019une longue maladie.<\/p>\n","protected":false},"author":1,"featured_media":61383,"comment_status":"open","ping_status":"open","sticky":false,"template":"","format":"standard","meta":{"footnotes":""},"categories":[26],"tags":[],"class_list":["post-61382","post","type-post","status-publish","format-standard","has-post-thumbnail","hentry","category-fait-divers"],"_links":{"self":[{"href":"https:\/\/dekkbi.com\/index.php?rest_route=\/wp\/v2\/posts\/61382","targetHints":{"allow":["GET"]}}],"collection":[{"href":"https:\/\/dekkbi.com\/index.php?rest_route=\/wp\/v2\/posts"}],"about":[{"href":"https:\/\/dekkbi.com\/index.php?rest_route=\/wp\/v2\/types\/post"}],"author":[{"embeddable":true,"href":"https:\/\/dekkbi.com\/index.php?rest_route=\/wp\/v2\/users\/1"}],"replies":[{"embeddable":true,"href":"https:\/\/dekkbi.com\/index.php?rest_route=%2Fwp%2Fv2%2Fcomments&post=61382"}],"version-history":[{"count":1,"href":"https:\/\/dekkbi.com\/index.php?rest_route=\/wp\/v2\/posts\/61382\/revisions"}],"predecessor-version":[{"id":61384,"href":"https:\/\/dekkbi.com\/index.php?rest_route=\/wp\/v2\/posts\/61382\/revisions\/61384"}],"wp:featuredmedia":[{"embeddable":true,"href":"https:\/\/dekkbi.com\/index.php?rest_route=\/wp\/v2\/media\/61383"}],"wp:attachment":[{"href":"https:\/\/dekkbi.com\/index.php?rest_route=%2Fwp%2Fv2%2Fmedia&parent=61382"}],"wp:term":[{"taxonomy":"category","embeddable":true,"href":"https:\/\/dekkbi.com\/index.php?rest_route=%2Fwp%2Fv2%2Fcategories&post=61382"},{"taxonomy":"post_tag","embeddable":true,"href":"https:\/\/dekkbi.com\/index.php?rest_route=%2Fwp%2Fv2%2Ftags&post=61382"}],"curies":[{"name":"wp","href":"https:\/\/api.w.org\/{rel}","templated":true}]}}