{"id":61366,"date":"2025-08-12T16:49:13","date_gmt":"2025-08-12T16:49:13","guid":{"rendered":"https:\/\/dekkbi.com\/?p=61366"},"modified":"2025-08-12T16:49:14","modified_gmt":"2025-08-12T16:49:14","slug":"le-gardien-gianluigi-donnarumma-ecarte-du-groupe-du-psg-pour-la-supercoupe-deurope","status":"publish","type":"post","link":"https:\/\/dekkbi.com\/?p=61366","title":{"rendered":"Le gardien Gianluigi Donnarumma \u00e9cart\u00e9 du groupe du PSG pour la Supercoupe d\u2019Europe"},"content":{"rendered":"\n<p>Le gardien du Paris Saint-Germain Gianluigi Donnarumma ne figure pas dans le groupe qui disputera mercredi la Supercoupe d\u2019Europe contre Tottenham \u00e0 Udine en Italie, o\u00f9 Lucas Chevalier devrait prendre sa place, selon la composition annonc\u00e9e mardi par le club fran\u00e7ais.<\/p>\n\n\n\n<p><strong>Source:<\/strong>\u00a0BELGA, AFP<\/p>\n\n\n\n<p>Auteur d\u2019une saison exceptionnelle en 2024-2025, d\u00e9cisif dans la qu\u00eate de la Ligue des champions, l\u2019international italien de 26 ans est mis \u00e0 l\u2019\u00e9cart au profit de Chevalier, qui vient de signer \u00e0 23 ans un contrat de cinq ans avec le club de la capitale.<\/p>\n\n\n\n<p>Le Paris-SG n\u2019a pas donn\u00e9 de pr\u00e9cisions concernant l\u2019absence de Donnarumma dans le groupe, o\u00f9 figurent en plus de Chevalier les gardiens Matvey Safonov et Renato Marin.<\/p>\n\n\n\n<p>Si l\u2019ancien gardien du Milan AC a souvent \u00e9t\u00e9 critiqu\u00e9 pour ses sorties a\u00e9riennes hasardeuses et l\u2019inconstance de son jeu au pied, un secteur cl\u00e9 dans le jeu pr\u00f4n\u00e9 par l\u2019entra\u00eeneur Luis Enrique, Donnarumma semble surtout payer l\u2019\u00e9chec de sa prolongation de contrat. \u00c0 un an de son \u00e9ch\u00e9ance en juin 2026, des n\u00e9gociations pour une prolongation ont tra\u00een\u00e9 tout au long de la saison sans aboutir, achoppant notamment sur la politique salariale que le PSG souhaite changer: plus de primes aux r\u00e9sultats et moins de fixe. Des conditions que l\u2019Italien et son entourage n\u2019auraient pas accept\u00e9 qui se sont ajout\u00e9es \u00e0 la frilosit\u00e9 des dirigeants parisiens \u00e0 repartir pour un nouveau cycle de trois ou cinq ans avec le portier transalpin.<\/p>\n","protected":false},"excerpt":{"rendered":"<p>Le gardien du Paris Saint-Germain Gianluigi Donnarumma ne figure pas dans le groupe qui disputera mercredi la Supercoupe d\u2019Europe contre<\/p>\n","protected":false},"author":1,"featured_media":61368,"comment_status":"open","ping_status":"open","sticky":false,"template":"","format":"standard","meta":{"footnotes":""},"categories":[9],"tags":[],"class_list":["post-61366","post","type-post","status-publish","format-standard","has-post-thumbnail","hentry","category-sports"],"_links":{"self":[{"href":"https:\/\/dekkbi.com\/index.php?rest_route=\/wp\/v2\/posts\/61366","targetHints":{"allow":["GET"]}}],"collection":[{"href":"https:\/\/dekkbi.com\/index.php?rest_route=\/wp\/v2\/posts"}],"about":[{"href":"https:\/\/dekkbi.com\/index.php?rest_route=\/wp\/v2\/types\/post"}],"author":[{"embeddable":true,"href":"https:\/\/dekkbi.com\/index.php?rest_route=\/wp\/v2\/users\/1"}],"replies":[{"embeddable":true,"href":"https:\/\/dekkbi.com\/index.php?rest_route=%2Fwp%2Fv2%2Fcomments&post=61366"}],"version-history":[{"count":1,"href":"https:\/\/dekkbi.com\/index.php?rest_route=\/wp\/v2\/posts\/61366\/revisions"}],"predecessor-version":[{"id":61369,"href":"https:\/\/dekkbi.com\/index.php?rest_route=\/wp\/v2\/posts\/61366\/revisions\/61369"}],"wp:featuredmedia":[{"embeddable":true,"href":"https:\/\/dekkbi.com\/index.php?rest_route=\/wp\/v2\/media\/61368"}],"wp:attachment":[{"href":"https:\/\/dekkbi.com\/index.php?rest_route=%2Fwp%2Fv2%2Fmedia&parent=61366"}],"wp:term":[{"taxonomy":"category","embeddable":true,"href":"https:\/\/dekkbi.com\/index.php?rest_route=%2Fwp%2Fv2%2Fcategories&post=61366"},{"taxonomy":"post_tag","embeddable":true,"href":"https:\/\/dekkbi.com\/index.php?rest_route=%2Fwp%2Fv2%2Ftags&post=61366"}],"curies":[{"name":"wp","href":"https:\/\/api.w.org\/{rel}","templated":true}]}}