{"id":61349,"date":"2025-08-12T12:42:01","date_gmt":"2025-08-12T12:42:01","guid":{"rendered":"https:\/\/dekkbi.com\/?p=61349"},"modified":"2025-08-12T12:44:04","modified_gmt":"2025-08-12T12:44:04","slug":"cote-divoire-plusieurs-membres-du-parti-de-gbagbo-inculpes-pour-acte-terroriste","status":"publish","type":"post","link":"https:\/\/dekkbi.com\/?p=61349","title":{"rendered":"C\u00f4te d&rsquo;Ivoire: plusieurs membres du parti de Gbagbo inculp\u00e9s pour \u00ab\u00a0acte terroriste\u00a0\u00bb"},"content":{"rendered":"\n<p>Onze personnes, dont plusieurs membres du parti de l&rsquo;ex-pr\u00e9sident et opposant ivoirien Laurent Gbagbo, ont \u00e9t\u00e9 inculp\u00e9es lundi notamment pour des \u00ab\u00a0faits d&rsquo;acte terroriste\u00a0\u00bb et plac\u00e9es sous mandat de d\u00e9p\u00f4t, apr\u00e8s des incidents survenus au d\u00e9but du mois \u00e0 Abidjan, a annonc\u00e9 le procureur de la R\u00e9publique.<\/p>\n\n\n\n<p>Dans la nuit du 1er au 2 ao\u00fbt, dans la commune de Yopougon, un bus de transport public a \u00e9t\u00e9 incendi\u00e9, une voiture de police d\u00e9grad\u00e9e et ses occupants \u00ab\u00a0molest\u00e9s par une horde d&rsquo;individus cagoul\u00e9s et d\u00e9tenant des machettes, des gourdins, des armes \u00e0 feu, des cocktails incendiaires\u00a0\u00bb, a affirm\u00e9 lundi soir le procureur de Oumar Braman Kon\u00e9, dans un communiqu\u00e9.<\/p>\n\n\n\n<p>L&rsquo;enqu\u00eate ouverte \u00e0 la suite de ces \u00e9v\u00e9nements a permis d&rsquo;interpeller neuf personnes, dont plusieurs sont membres du Parti des peuples africains &#8211; C\u00f4te d&rsquo;Ivoire, (PPA-CI) qui nie de son c\u00f4t\u00e9 toute implication.<\/p>\n\n\n\n<p>\u00ab\u00a0Au cours des diff\u00e9rentes auditions, ceux-ci ont cit\u00e9 Lida Kouassi Mo\u00efse, ancien ministre de la D\u00e9fense, et Kon\u00e9 Boubakar, ambassadeur \u00e0 la retraite, comme \u00e9tant les instigateurs de ces violences\u00a0\u00bb, poursuit le procureur.<\/p>\n\n\n\n<p>Les deux hommes, convoqu\u00e9s vendredi par la police, ont \u00e9t\u00e9 plac\u00e9s en garde \u00e0 vue au cours du week-end.<\/p>\n\n\n\n<p>\u00ab\u00a0Il ressort \u00e9galement de ces auditions que l&rsquo;objectif \u00e9tait de provoquer une situation de terreur ou d&rsquo;intimider la population apr\u00e8s l&rsquo;annonce de la candidature du Pr\u00e9sident de la R\u00e9publique \u00e0 l&rsquo;\u00e9lection pr\u00e9sidentielle\u00a0\u00bb, a d\u00e9taill\u00e9 le procureur.<\/p>\n\n\n\n<p>Les onze personnes arr\u00eat\u00e9es ont \u00e9t\u00e9 plac\u00e9es sous mandat de d\u00e9p\u00f4t et inculp\u00e9es pour \u00ab\u00a0acte terroriste, complot contre l&rsquo;autorit\u00e9 de l&rsquo;Etat, participation \u00e0 un mouvement insurrectionnel, d\u00e9gradation volontaire de v\u00e9hicule et incendie volontaire de v\u00e9hicule appartenant \u00e0 autrui\u00a0\u00bb, ajoute t-il.<\/p>\n\n\n\n<p>Dimanche, le PPA-CI a d\u00e9nonc\u00e9 \u00ab\u00a0une op\u00e9ration d&rsquo;intimidation et de r\u00e9pression\u00a0\u00bb et un \u00ab\u00a0harc\u00e8lement judiciaire et politique\u00a0\u00bb.<\/p>\n\n\n\n<p>Le procureur Kon\u00e9 a assur\u00e9 que les poursuites du Parquet \u00ab\u00a0ne sont pas faites en fonction des partis politiques\u00a0\u00bb.<\/p>\n\n\n\n<p>Ces interpellations interviennent dans un climat politique tendu \u00e0 moins de trois mois de la pr\u00e9sidentielle du 25 octobre, notamment en raison de l&rsquo;exclusion de plusieurs figures d&rsquo;opposition du scrutin, dont Laurent Gbagbo, par des d\u00e9cisions de justice.<\/p>\n\n\n\n<p>En juin, des responsables de la jeunesse du Parti d\u00e9mocratique de C\u00f4te d&rsquo;Ivoire (PDCI, principal parti d&rsquo;opposition) ont \u00e9t\u00e9 interpell\u00e9s pour trouble \u00e0 l&rsquo;ordre public.<\/p>\n\n\n\n<p>Samedi, des milliers de militants du PPA-CI et du PDCI ont manifest\u00e9 dans le calme dans les rues de Yopougon.<\/p>\n\n\n\n<p>Ils protestaient contre la candidature du chef de l&rsquo;Etat Alassane Ouattara \u00e0 un quatri\u00e8me mandat et demandaient la r\u00e9inscription de leurs dirigeants, radi\u00e9s des listes \u00e9lectorales.<\/p>\n\n\n\n<p>SOURCE DAKARACTU<\/p>\n","protected":false},"excerpt":{"rendered":"<p>Onze personnes, dont plusieurs membres du parti de l&rsquo;ex-pr\u00e9sident et opposant ivoirien Laurent Gbagbo, ont \u00e9t\u00e9 inculp\u00e9es lundi notamment pour<\/p>\n","protected":false},"author":1,"featured_media":13807,"comment_status":"open","ping_status":"open","sticky":false,"template":"","format":"standard","meta":{"footnotes":""},"categories":[51],"tags":[],"class_list":["post-61349","post","type-post","status-publish","format-standard","has-post-thumbnail","hentry","category-general"],"_links":{"self":[{"href":"https:\/\/dekkbi.com\/index.php?rest_route=\/wp\/v2\/posts\/61349","targetHints":{"allow":["GET"]}}],"collection":[{"href":"https:\/\/dekkbi.com\/index.php?rest_route=\/wp\/v2\/posts"}],"about":[{"href":"https:\/\/dekkbi.com\/index.php?rest_route=\/wp\/v2\/types\/post"}],"author":[{"embeddable":true,"href":"https:\/\/dekkbi.com\/index.php?rest_route=\/wp\/v2\/users\/1"}],"replies":[{"embeddable":true,"href":"https:\/\/dekkbi.com\/index.php?rest_route=%2Fwp%2Fv2%2Fcomments&post=61349"}],"version-history":[{"count":1,"href":"https:\/\/dekkbi.com\/index.php?rest_route=\/wp\/v2\/posts\/61349\/revisions"}],"predecessor-version":[{"id":61350,"href":"https:\/\/dekkbi.com\/index.php?rest_route=\/wp\/v2\/posts\/61349\/revisions\/61350"}],"wp:featuredmedia":[{"embeddable":true,"href":"https:\/\/dekkbi.com\/index.php?rest_route=\/wp\/v2\/media\/13807"}],"wp:attachment":[{"href":"https:\/\/dekkbi.com\/index.php?rest_route=%2Fwp%2Fv2%2Fmedia&parent=61349"}],"wp:term":[{"taxonomy":"category","embeddable":true,"href":"https:\/\/dekkbi.com\/index.php?rest_route=%2Fwp%2Fv2%2Fcategories&post=61349"},{"taxonomy":"post_tag","embeddable":true,"href":"https:\/\/dekkbi.com\/index.php?rest_route=%2Fwp%2Fv2%2Ftags&post=61349"}],"curies":[{"name":"wp","href":"https:\/\/api.w.org\/{rel}","templated":true}]}}