{"id":61260,"date":"2025-08-11T15:15:54","date_gmt":"2025-08-11T15:15:54","guid":{"rendered":"https:\/\/dekkbi.com\/?p=61260"},"modified":"2025-08-11T15:15:55","modified_gmt":"2025-08-11T15:15:55","slug":"aliou-sall-ancien-maire-de-guediawaye-dement-toute-plainte-contre-ousmane-sonko-et-annonce-son-retrait-definitif-de-la-politique","status":"publish","type":"post","link":"https:\/\/dekkbi.com\/?p=61260","title":{"rendered":"Aliou Sall, ancien maire de Gu\u00e9diawaye d\u00e9ment toute plainte contre Ousmane Sonko et annonce son retrait d\u00e9finitif de la politique"},"content":{"rendered":"\n<h3 class=\"wp-block-heading\">L\u2019ancien maire de Gu\u00e9diawaye, Aliou Sall, a r\u00e9agi ce dimanche 10 ao\u00fbt 2025 pour mettre fin aux rumeurs faisant \u00e9tat d\u2019une plainte qu\u2019il aurait d\u00e9pos\u00e9e contre le Premier ministre Ousmane Sonko dans le cadre de l\u2019affaire dite des 6 000 milliards li\u00e9s au scandale Petrotim.<\/h3>\n\n\n\n<p>Dans un communiqu\u00e9 rendu public, il d\u00e9ment cat\u00e9goriquement ces informations qu\u2019il qualifie de \u00ab d\u00e9nu\u00e9es de tout sens \u00bb, d\u00e9non\u00e7ant un \u00ab tapage m\u00e9diatique savamment orchestr\u00e9 \u00bb autour de ce dossier depuis quelques semaines.<\/p>\n\n\n\n<p>Aliou Sall affirme avoir tourn\u00e9 la page sur cette \u00ab p\u00e9riode sombre \u00bb de son parcours politique et assure avoir sinc\u00e8rement pardonn\u00e9 \u00e0 tous ceux qui lui ont port\u00e9 pr\u00e9judice, \u00ab volontairement ou sous influence \u00bb. Il pr\u00e9cise que parmi ces personnes figurent aussi bien des membres de la majorit\u00e9 actuelle que des responsables de l\u2019ancienne majorit\u00e9 \u00e0 laquelle il appartenait.<\/p>\n\n\n\n<p>L\u2019ancien \u00e9dile de Gu\u00e9diawaye profite de cette sortie pour annoncer officiellement son retrait de la sc\u00e8ne politique, une d\u00e9cision prise d\u00e8s le lendemain des derni\u00e8res \u00e9lections l\u00e9gislatives, qui ont donn\u00e9 une \u00e9crasante majorit\u00e9 \u00e0 l\u2019actuel pouvoir. \u00ab Qu\u2019il s\u2019agisse de mes convictions personnelles ou non, il leur revient de gouverner dans la s\u00e9r\u00e9nit\u00e9 \u00bb, d\u00e9clare-t-il.<\/p>\n\n\n\n<p>Aliou Sall confie enfin vouloir se consacrer d\u00e9sormais \u00e0 \u00ab une autre passion, tout aussi noble que la politique \u00bb, sans en pr\u00e9ciser la nature, marquant ainsi un virage d\u00e9finitif dans sa vie publique.<\/p>\n","protected":false},"excerpt":{"rendered":"<p>L\u2019ancien maire de Gu\u00e9diawaye, Aliou Sall, a r\u00e9agi ce dimanche 10 ao\u00fbt 2025 pour mettre fin aux rumeurs faisant \u00e9tat<\/p>\n","protected":false},"author":1,"featured_media":61261,"comment_status":"open","ping_status":"open","sticky":false,"template":"","format":"standard","meta":{"footnotes":""},"categories":[6],"tags":[],"class_list":["post-61260","post","type-post","status-publish","format-standard","has-post-thumbnail","hentry","category-politics"],"_links":{"self":[{"href":"https:\/\/dekkbi.com\/index.php?rest_route=\/wp\/v2\/posts\/61260","targetHints":{"allow":["GET"]}}],"collection":[{"href":"https:\/\/dekkbi.com\/index.php?rest_route=\/wp\/v2\/posts"}],"about":[{"href":"https:\/\/dekkbi.com\/index.php?rest_route=\/wp\/v2\/types\/post"}],"author":[{"embeddable":true,"href":"https:\/\/dekkbi.com\/index.php?rest_route=\/wp\/v2\/users\/1"}],"replies":[{"embeddable":true,"href":"https:\/\/dekkbi.com\/index.php?rest_route=%2Fwp%2Fv2%2Fcomments&post=61260"}],"version-history":[{"count":1,"href":"https:\/\/dekkbi.com\/index.php?rest_route=\/wp\/v2\/posts\/61260\/revisions"}],"predecessor-version":[{"id":61262,"href":"https:\/\/dekkbi.com\/index.php?rest_route=\/wp\/v2\/posts\/61260\/revisions\/61262"}],"wp:featuredmedia":[{"embeddable":true,"href":"https:\/\/dekkbi.com\/index.php?rest_route=\/wp\/v2\/media\/61261"}],"wp:attachment":[{"href":"https:\/\/dekkbi.com\/index.php?rest_route=%2Fwp%2Fv2%2Fmedia&parent=61260"}],"wp:term":[{"taxonomy":"category","embeddable":true,"href":"https:\/\/dekkbi.com\/index.php?rest_route=%2Fwp%2Fv2%2Fcategories&post=61260"},{"taxonomy":"post_tag","embeddable":true,"href":"https:\/\/dekkbi.com\/index.php?rest_route=%2Fwp%2Fv2%2Ftags&post=61260"}],"curies":[{"name":"wp","href":"https:\/\/api.w.org\/{rel}","templated":true}]}}