{"id":61258,"date":"2025-08-11T15:06:49","date_gmt":"2025-08-11T15:06:49","guid":{"rendered":"https:\/\/dekkbi.com\/?p=61258"},"modified":"2025-08-11T15:39:39","modified_gmt":"2025-08-11T15:39:39","slug":"perturbations-a-air-senegal-reprise-progressive-de-plusieurs-destinations","status":"publish","type":"post","link":"https:\/\/dekkbi.com\/?p=61258","title":{"rendered":"Perturbations \u00e0 Air S\u00e9n\u00e9gal : Reprise progressive de plusieurs destinations"},"content":{"rendered":"\n<p>Air S\u00e9n\u00e9gal informe ses passagers du retour \u00e0 la normale des vols au d\u00e9part et \u00e0 destination de Paris depuis le vendredi 8 ao\u00fbt \u00e0 la suite de perturbations op\u00e9rationnelles survenues ces derniers jours, sur plusieurs destinations (Paris, Bamako, Ouagadougou, Abidjan).<\/p>\n\n\n\n<p>La compagnie a mis en \u0153uvre toutes les mesures n\u00e9cessaires pour r\u00e9tablir la situation et assurer une reprise fluide des op\u00e9rations.<\/p>\n\n\n\n<p>De plus, une reprise progressive des op\u00e9rations sur la ligne Dakar-Bamako-Dakar est pr\u00e9vue \u00e0 partir de ce samedi 9 ao\u00fbt selon le programme des vols ci-dessous :<\/p>\n\n\n\n<ul class=\"wp-block-list\">\n<li>Bamako-Dakar : d\u00e9part \u00e0 16h45 &#8211; arriv\u00e9e \u00e0 Dakar \u00e0 18h30 (GMT)<\/li>\n\n\n\n<li>Dakar-Bamako : D\u00e9part \u00e0 19h20 &#8211; arriv\u00e9e \u00e0 Bamako \u00e0 21h05 (GMT)<\/li>\n<\/ul>\n\n\n\n<p>Par ailleurs, le retour \u00e0 la normale sur les lignes Bamako-Ouagadougou et Bamako-Abidjan est pr\u00e9vu \u00e0 partir de ce dimanche 10 ao\u00fbt.<\/p>\n\n\n\n<p>Air S\u00e9n\u00e9gal tient \u00e0 pr\u00e9senter ses excuses aux passagers impact\u00e9s par ces d\u00e9sagr\u00e9ments et les remercie pour leur compr\u00e9hension et leur fid\u00e9lit\u00e9.<\/p>\n\n\n\n<p>Les passagers sont invit\u00e9s \u00e0 contacter le service client au + 221 301 15 15 15 ou sur messenger (flyairsenegal) pour toute information compl\u00e9mentaire.<\/p>\n","protected":false},"excerpt":{"rendered":"<p>Air S\u00e9n\u00e9gal informe ses passagers du retour \u00e0 la normale des vols au d\u00e9part et \u00e0 destination de Paris depuis<\/p>\n","protected":false},"author":1,"featured_media":41579,"comment_status":"open","ping_status":"open","sticky":false,"template":"","format":"standard","meta":{"footnotes":""},"categories":[26],"tags":[],"class_list":["post-61258","post","type-post","status-publish","format-standard","has-post-thumbnail","hentry","category-fait-divers"],"_links":{"self":[{"href":"https:\/\/dekkbi.com\/index.php?rest_route=\/wp\/v2\/posts\/61258","targetHints":{"allow":["GET"]}}],"collection":[{"href":"https:\/\/dekkbi.com\/index.php?rest_route=\/wp\/v2\/posts"}],"about":[{"href":"https:\/\/dekkbi.com\/index.php?rest_route=\/wp\/v2\/types\/post"}],"author":[{"embeddable":true,"href":"https:\/\/dekkbi.com\/index.php?rest_route=\/wp\/v2\/users\/1"}],"replies":[{"embeddable":true,"href":"https:\/\/dekkbi.com\/index.php?rest_route=%2Fwp%2Fv2%2Fcomments&post=61258"}],"version-history":[{"count":1,"href":"https:\/\/dekkbi.com\/index.php?rest_route=\/wp\/v2\/posts\/61258\/revisions"}],"predecessor-version":[{"id":61259,"href":"https:\/\/dekkbi.com\/index.php?rest_route=\/wp\/v2\/posts\/61258\/revisions\/61259"}],"wp:featuredmedia":[{"embeddable":true,"href":"https:\/\/dekkbi.com\/index.php?rest_route=\/wp\/v2\/media\/41579"}],"wp:attachment":[{"href":"https:\/\/dekkbi.com\/index.php?rest_route=%2Fwp%2Fv2%2Fmedia&parent=61258"}],"wp:term":[{"taxonomy":"category","embeddable":true,"href":"https:\/\/dekkbi.com\/index.php?rest_route=%2Fwp%2Fv2%2Fcategories&post=61258"},{"taxonomy":"post_tag","embeddable":true,"href":"https:\/\/dekkbi.com\/index.php?rest_route=%2Fwp%2Fv2%2Ftags&post=61258"}],"curies":[{"name":"wp","href":"https:\/\/api.w.org\/{rel}","templated":true}]}}