{"id":61250,"date":"2025-08-11T12:09:37","date_gmt":"2025-08-11T12:09:37","guid":{"rendered":"https:\/\/dekkbi.com\/?p=61250"},"modified":"2025-08-11T12:09:38","modified_gmt":"2025-08-11T12:09:38","slug":"organisation-de-ses-ag-annuelles-lums-na-plus-la-petite-cote","status":"publish","type":"post","link":"https:\/\/dekkbi.com\/?p=61250","title":{"rendered":"Organisation de ses Ag annuelles : L\u2019UMS N\u2019A PLUS LA PETITE C\u00d4TE"},"content":{"rendered":"\n<p><strong>Apr\u00e8s deux mandats \u00e0 la t\u00eate de l\u2019Ums, Ousmane Chim\u00e8re Diouf a c\u00e9d\u00e9 son poste \u00e0 Cheikh B\u00e2. Mais, il a tenu \u00e0 rappeler l\u2019importance de l\u2019institution judiciaire dans le pays.<\/strong><\/p>\n\n\n\n<p>Apr\u00e8s quatre ans \u00e0 la t\u00eate de l\u2019Ums, Ousmane Chim\u00e8re Diouf a pass\u00e9 le t\u00e9moin \u00e0 Cheikh B\u00e2. Sa pr\u00e9sidence a co\u00efncid\u00e9 avec la pand\u00e9mie du Covid-19, les \u00e9v\u00e8nements politico-judiciaires de 2021-2024, ce qui a plac\u00e9 l\u2019institution judiciaire au c\u0153ur des critiques et des attaques. Il a tent\u00e9 de garder le cap en rappelant \u00abaux diff\u00e9rents acteurs le respect d\u00fb \u00e0 l\u2019institution dans son r\u00f4le de dernier rempart incontournable et de garante de l\u2019Etat de Droit malgr\u00e9 ses imperfections\u00bb. \u00ab(\u2026) Nous sommes conscients que le Peuple au nom de qui justice est rendue, a parfaitement le droit de porter un regard critique sur la bonne marche de celle-ci, surtout que c\u2019est lui qui subit les cons\u00e9quences de l\u2019application rigoureuse de la loi, et le syst\u00e8me judiciaire est lui-m\u00eame bas\u00e9 sur la critique puisque les voies de recours ont \u00e9t\u00e9 cr\u00e9\u00e9es pour permettre au plaideur non satisfait d\u2019une d\u00e9cision de saisir la juridiction sup\u00e9rieure\u00bb, explique le pr\u00e9sident sortant de l\u2019Ums. Pour lui, \u00abcritique ne signifie cependant pas discr\u00e9dit, et la fronti\u00e8re doit \u00eatre clairement d\u00e9finie pour \u00e9viter tout d\u00e9rapage\u00bb.<\/p>\n\n\n\n<p>Ousmane Chim\u00e8re Diouf ne nie pas l\u2019impact de ces attaques sur la perception des citoyens. Il dit\u00a0: \u00abIl est incontestable que le discours politique, fait d\u2019attaques et d\u2019invectives avec comme principal objectif de convaincre et d\u2019influencer l\u2019opinion, peut avoir un impact sur la perception de la Justice, et les tensions politiques peuvent avoir des effets sur le fonctionnement de celle-ci, avec comme cons\u00e9quence une mauvaise perception faite \u00e0 dessein pour donner l\u2019impression d\u2019une justice partiale ou imparfaite.\u00bb Que faire pour corriger cela\u00a0? \u00abPour garantir cette \u00e9quit\u00e9, la Justice doit jouer son r\u00f4le en toute ind\u00e9pendance en mettant en exergue son impartialit\u00e9, \u00eatre \u00e0 \u00e9quidistance des parties et s\u2019abstenir de jouer un r\u00f4le actif dans le d\u00e9bat public. En effet, le magistrat ne peut alimenter le d\u00e9bat public par des prises de position contraires \u00e0 son serment et doit attendre d\u2019\u00eatre saisi pour rendre sa d\u00e9cision. Il doit \u00e9galement \u00e9viter tout propos ou comportement qui pourrait \u00eatre consid\u00e9r\u00e9 comme irrespectueux envers les justiciables, et faire preuve de retenue dans ses commentaires sur les r\u00e9seaux sociaux\u00bb, conseille-t-il. Il poursuit\u00a0: \u00abElle ne peut donc jouer un r\u00f4le actif dans un permanent jeu politique fait d\u2019attaques, d\u2019instabilit\u00e9, de pol\u00e9miques, d\u2019int\u00e9r\u00eats du moment \u00e0 g\u00e9rer\u2026\u00bb<\/p>\n\n\n\n<p>Par ailleurs, Ousmane Chim\u00e8re Diouf n\u2019a pas occult\u00e9 le d\u00e9bat, qui a suivi la r\u00e9forme controvers\u00e9e du R\u00e8glement int\u00e9rieur de l\u2019Assembl\u00e9e dont certains ont \u00e9t\u00e9 censur\u00e9s par le Conseil constitutionnel. \u00abLes principes gouvernant notre profession ne sont nullement conciliables avec le populisme. Le respect de ces principes justifie le silence du bureau apr\u00e8s le vote par l\u2019Assembl\u00e9e nationale de la loi portant R\u00e8glement int\u00e9rieur qui, dans une de ses dispositions, a pr\u00e9vu la possibilit\u00e9 pour le Parlement de convoquer les magistrats. Le Conseil constitutionnel \u00e9tant appel\u00e9 \u00e0 contr\u00f4ler la constitutionnalit\u00e9 de cette nouvelle r\u00e8gle, le bureau avait en toute logique choisi de diff\u00e9rer sa prise de parole\u00bb, explique-t-il.<\/p>\n\n\n\n<p>En annon\u00e7ant se \u00abconformer\u00bb \u00e0 la d\u00e9cision du Cc \u00e0 ce propos, le juge Diouf rappelle certains principes simples\u00a0: \u00abnous tenons simplement \u00e0 rappeler que la Constitution donne la pr\u00e9rogative au Parlement de contr\u00f4ler l\u2019action du gouvernement, d\u2019entendre les membres du gouvernement, les directeurs g\u00e9n\u00e9raux d\u2019\u00e9tablissements publics, de soci\u00e9t\u00e9s nationales et d\u2019agences par le biais de commissions parlementaires permanentes. L\u2019Assembl\u00e9e a \u00e9galement la possibilit\u00e9 de cr\u00e9er des commissions d\u2019enqu\u00eate\u00bb, ajoute-t-il. Il rappelle \u00abqu\u2019aucune disposition de la Loi fondamentale ne lui donne express\u00e9ment comp\u00e9tence pour entendre les magistrats dans l\u2019exercice de leurs fonctions\u00bb. Pour lui, \u00able R\u00e8glement int\u00e9rieur qui ne peut ni modifier ni contredire la Constitution, bien qu\u2019\u00e9tant mat\u00e9rialis\u00e9 par une loi organique qui n\u2019a pas pour autant valeur constitutionnelle\u00bb. Il pose quelques interrogations\u00a0: \u00abQue vaudrait en Droit une d\u00e9claration faite sous contrainte ? Et si la personne conduite manu militari \u00e0 l\u2019Assembl\u00e9e refusait de faire une quelconque d\u00e9claration, quelle en serait la suite ?\u00bb <\/p>\n\n\n\n<p>Ousmane Chim\u00e8re Diouf explique que \u00abcontrairement \u00e0 ce qui est faussement r\u00e9pandu au niveau de l\u2019opinion et pouvant faire croire que le magistrat b\u00e9n\u00e9ficie d\u2019une impunit\u00e9 totale\u00bb, la loi organique portant statut des magistrats \u00aba bien pr\u00e9vu la possibilit\u00e9 de les traduire en Conseil de discipline en cas de manquement \u00e0 leurs obligations professionnelles et de poursuites en cas de commission d\u2019une infraction\u00bb. Car, souligne-t-il, \u00ables articles 25 et suivants pr\u00e9cisent clairement que c\u2019est le Procureur g\u00e9n\u00e9ral pr\u00e8s la Cour supr\u00eame qui initie ces poursuites, l\u2019instruction \u00e9tant assur\u00e9e par le Premier pr\u00e9sident ou les magistrats de la Cour d\u00e9l\u00e9gu\u00e9s par eux\u00bb. Alors qu\u2019en mati\u00e8re correctionnelle, \u00abc\u2019est la Chambre criminelle de la haute juridiction qui est comp\u00e9tente pour les juger, et en mati\u00e8re criminelle, ce sont les chambres r\u00e9unies qui le sont\u00bb. En rappelant que \u00able dialogue entre institutions est n\u00e9cessaire dans un Etat de Droit, encore faudrait-il que ce soit un dialogue, une volont\u00e9 de collaborer dans l\u2019int\u00e9r\u00eat g\u00e9n\u00e9ral dont le seul b\u00e9n\u00e9ficiaire doit \u00eatre le Peuple repr\u00e9sent\u00e9 par ses \u00e9lus au Parlement, et au nom de qui justice est rendue et ceci, dans le respect mutuel\u00bb.<\/p>\n\n\n\n<p><strong>bsakho@lequotidien.sn<\/strong><\/p>\n","protected":false},"excerpt":{"rendered":"<p>Apr\u00e8s deux mandats \u00e0 la t\u00eate de l\u2019Ums, Ousmane Chim\u00e8re Diouf a c\u00e9d\u00e9 son poste \u00e0 Cheikh B\u00e2. Mais, il<\/p>\n","protected":false},"author":1,"featured_media":61252,"comment_status":"open","ping_status":"open","sticky":false,"template":"","format":"standard","meta":{"footnotes":""},"categories":[21],"tags":[],"class_list":["post-61250","post","type-post","status-publish","format-standard","has-post-thumbnail","hentry","category-societe"],"_links":{"self":[{"href":"https:\/\/dekkbi.com\/index.php?rest_route=\/wp\/v2\/posts\/61250","targetHints":{"allow":["GET"]}}],"collection":[{"href":"https:\/\/dekkbi.com\/index.php?rest_route=\/wp\/v2\/posts"}],"about":[{"href":"https:\/\/dekkbi.com\/index.php?rest_route=\/wp\/v2\/types\/post"}],"author":[{"embeddable":true,"href":"https:\/\/dekkbi.com\/index.php?rest_route=\/wp\/v2\/users\/1"}],"replies":[{"embeddable":true,"href":"https:\/\/dekkbi.com\/index.php?rest_route=%2Fwp%2Fv2%2Fcomments&post=61250"}],"version-history":[{"count":1,"href":"https:\/\/dekkbi.com\/index.php?rest_route=\/wp\/v2\/posts\/61250\/revisions"}],"predecessor-version":[{"id":61253,"href":"https:\/\/dekkbi.com\/index.php?rest_route=\/wp\/v2\/posts\/61250\/revisions\/61253"}],"wp:featuredmedia":[{"embeddable":true,"href":"https:\/\/dekkbi.com\/index.php?rest_route=\/wp\/v2\/media\/61252"}],"wp:attachment":[{"href":"https:\/\/dekkbi.com\/index.php?rest_route=%2Fwp%2Fv2%2Fmedia&parent=61250"}],"wp:term":[{"taxonomy":"category","embeddable":true,"href":"https:\/\/dekkbi.com\/index.php?rest_route=%2Fwp%2Fv2%2Fcategories&post=61250"},{"taxonomy":"post_tag","embeddable":true,"href":"https:\/\/dekkbi.com\/index.php?rest_route=%2Fwp%2Fv2%2Ftags&post=61250"}],"curies":[{"name":"wp","href":"https:\/\/api.w.org\/{rel}","templated":true}]}}