{"id":61224,"date":"2025-08-08T16:45:06","date_gmt":"2025-08-08T16:45:06","guid":{"rendered":"https:\/\/dekkbi.com\/?p=61224"},"modified":"2025-08-08T16:46:09","modified_gmt":"2025-08-08T16:46:09","slug":"allongement-de-la-retention-des-etrangers-retailleau-promet-un-nouveau-texte","status":"publish","type":"post","link":"https:\/\/dekkbi.com\/?p=61224","title":{"rendered":"R\u00e9tention des \u00e9trangers: Retailleau promet un nouveau texte"},"content":{"rendered":"\n<p>Par Estelle EMONET \u00a9 2025 AFP &#8211; Le ministre de l&rsquo;Int\u00e9rieur Bruno Retailleau est revenu \u00e0 la charge vendredi en promettant un nouveau texte pour allonger la dur\u00e9e de r\u00e9tention des \u00e9trangers pr\u00e9sum\u00e9s dangereux, apr\u00e8s le camouflet inflig\u00e9 par le Conseil constitutionnel.<\/p>\n\n\n\n<p>Au lendemain de la censure d&rsquo;une mesure qu&rsquo;il avait d\u00e9fendue depuis son arriv\u00e9e place Beauvau, le ministre a fait part de son \u00ab\u00a0extr\u00eame pr\u00e9occupation\u00a0\u00bb dans un inhabituel communiqu\u00e9 de presse.<\/p>\n\n\n\n<p>Jeudi, le Conseil constitutionnel a retoqu\u00e9 une large partie d&rsquo;une loi pr\u00e9voyant notamment d&rsquo;allonger le maintien en centre de r\u00e9tention administrative (CRA) de 90 (trois mois) \u00e0 210 jours (sept mois) de certains \u00e9trangers pr\u00e9sum\u00e9s dangereux.<\/p>\n\n\n\n<p>La mesure visait les \u00e9trangers, en instance d&rsquo;expulsion, condamn\u00e9s pour certains faits graves ou pr\u00e9sentant une menace d&rsquo;une \u00ab\u00a0particuli\u00e8re gravit\u00e9\u00a0\u00bb \u00e0 l&rsquo;ordre public, ou ayant \u00e9t\u00e9 condamn\u00e9s pour certains crimes ou d\u00e9lits graves (meurtre, viol, trafic de stup\u00e9fiants, vol aggrav\u00e9 avec violences&#8230;).<\/p>\n\n\n\n<p>D\u00e9fendant un texte \u00ab\u00a0efficace\u00a0\u00bb et \u00ab\u00a0de bon sens\u00a0\u00bb, qui avait \u00e9t\u00e9 propos\u00e9 par une s\u00e9natrice LR, Bruno Retailleau ne se r\u00e9signe pas et annonce un \u00ab\u00a0texte modifi\u00e9\u00a0\u00bb pour lequel il demandera son avis au Conseil d&rsquo;Etat &#8211; sans pr\u00e9ciser comment la loi largement censur\u00e9e pourrait \u00eatre retravaill\u00e9e.<\/p>\n\n\n\n<p>\u00ab\u00a0Je pr\u00e9senterai cette nouvelle version au plus t\u00f4t devant le parlement\u00a0\u00bb, promet le ministre qui avait port\u00e9 cette mesure apr\u00e8s le meurtre pr\u00e8s de Paris en septembre 2024 d&rsquo;une \u00e9tudiante, \u00e0 son arriv\u00e9e au gouvernement.<\/p>\n\n\n\n<p>Le meurtrier pr\u00e9sum\u00e9, un Marocain faisant l&rsquo;objet d&rsquo;une obligation de quitter le territoire fran\u00e7ais (OQTF), venait de sortir d&rsquo;un centre de r\u00e9tention apr\u00e8s plusieurs ann\u00e9es en prison.<\/p>\n\n\n\n<h2 class=\"wp-block-heading\">Etat de droit<\/h2>\n\n\n\n<p>Apr\u00e8s ce d\u00e9saveu, Bruno Retailleau relance aussi son id\u00e9e d&rsquo;un r\u00e9f\u00e9rendum sur les questions migratoires: \u00ab\u00a0C\u2019est au peuple souverain qu\u2019il revient de se prononcer sur les questions essentielles de la s\u00e9curit\u00e9 et de l&rsquo;immigration, par r\u00e9f\u00e9rendum. Le moment venu\u00a0\u00bb, poursuit le nouvel homme fort des R\u00e9publicains \u00e0 moins de deux ans de la pr\u00e9sidentielle.<\/p>\n\n\n\n<p>La d\u00e9cision du Conseil constitutionnel, \u00ab\u00a0sonne comme un camouflet pour le ministre de l&rsquo;Int\u00e9rieur et les parlementaires ayant vot\u00e9 le texte, en venant leur rappeler que dans un Etat de droit on ne peut pas agir impun\u00e9ment avec la privation de libert\u00e9\u00a0\u00bb, avait r\u00e9agi jeudi Fan\u00e9lie Carrey-Conte, secr\u00e9taire g\u00e9n\u00e9rale de la Cimade, association de d\u00e9fense des droits des migrants, aupr\u00e8s de l&rsquo;AFP.<\/p>\n\n\n\n<p>Ce n&rsquo;est pas la premi\u00e8re fois que Bruno Retailleau, qui a fait de la lutte contre l&rsquo;immigration son cheval de bataille, se heurte \u00e0 la Constitution.<\/p>\n\n\n\n<p>Lorsqu&rsquo;il \u00e9tait \u00e0 la t\u00eate de groupe LR au S\u00e9nat, il avait tent\u00e9 d&rsquo;introduire dans la derni\u00e8re la loi immigration de janvier 2024, des mesures \u00e9galement censur\u00e9es par les Sages (conditionnement de l&rsquo;octroi de certaines prestations sociales aux \u00e9trangers \u00e0 une dur\u00e9e de r\u00e9sidence en France, instauration des quotas migratoires).<\/p>\n\n\n\n<p>A son arriv\u00e9e au gouvernement \u00e0 l&rsquo;automne, le Vend\u00e9en avait essay\u00e9 d&rsquo;imposer une nouvelle loi sur le sujet, mais il avait alors re\u00e7u un fin de non-recevoir de l&rsquo;ancien Premier ministre, Michel Barnier.<\/p>\n\n\n\n<p>Le nouveau chef de file des R\u00e9publicains avait suscit\u00e9 une vive pol\u00e9mique en d\u00e9clarant que l&rsquo;Etat de droit n&rsquo;est ni \u00ab\u00a0intangible, ni sacr\u00e9\u00a0\u00bb. \u00ab\u00a0Lorsque les textes en vigueur ne garantissent plus tous les droits &#8211; \u00e0 commencer par le premier d&rsquo;entre eux, le droit d&rsquo;\u00eatre prot\u00e9g\u00e9 -, ils doivent \u00e9voluer, dans le plein respect des institutions de notre R\u00e9publique\u00a0\u00bb, s&rsquo;\u00e9tait-il ensuite d\u00e9fendu.<\/p>\n","protected":false},"excerpt":{"rendered":"<p>Par Estelle EMONET \u00a9 2025 AFP &#8211; Le ministre de l&rsquo;Int\u00e9rieur Bruno Retailleau est revenu \u00e0 la charge vendredi en<\/p>\n","protected":false},"author":1,"featured_media":50220,"comment_status":"open","ping_status":"open","sticky":false,"template":"","format":"standard","meta":{"footnotes":""},"categories":[51],"tags":[],"class_list":["post-61224","post","type-post","status-publish","format-standard","has-post-thumbnail","hentry","category-general"],"_links":{"self":[{"href":"https:\/\/dekkbi.com\/index.php?rest_route=\/wp\/v2\/posts\/61224","targetHints":{"allow":["GET"]}}],"collection":[{"href":"https:\/\/dekkbi.com\/index.php?rest_route=\/wp\/v2\/posts"}],"about":[{"href":"https:\/\/dekkbi.com\/index.php?rest_route=\/wp\/v2\/types\/post"}],"author":[{"embeddable":true,"href":"https:\/\/dekkbi.com\/index.php?rest_route=\/wp\/v2\/users\/1"}],"replies":[{"embeddable":true,"href":"https:\/\/dekkbi.com\/index.php?rest_route=%2Fwp%2Fv2%2Fcomments&post=61224"}],"version-history":[{"count":2,"href":"https:\/\/dekkbi.com\/index.php?rest_route=\/wp\/v2\/posts\/61224\/revisions"}],"predecessor-version":[{"id":61226,"href":"https:\/\/dekkbi.com\/index.php?rest_route=\/wp\/v2\/posts\/61224\/revisions\/61226"}],"wp:featuredmedia":[{"embeddable":true,"href":"https:\/\/dekkbi.com\/index.php?rest_route=\/wp\/v2\/media\/50220"}],"wp:attachment":[{"href":"https:\/\/dekkbi.com\/index.php?rest_route=%2Fwp%2Fv2%2Fmedia&parent=61224"}],"wp:term":[{"taxonomy":"category","embeddable":true,"href":"https:\/\/dekkbi.com\/index.php?rest_route=%2Fwp%2Fv2%2Fcategories&post=61224"},{"taxonomy":"post_tag","embeddable":true,"href":"https:\/\/dekkbi.com\/index.php?rest_route=%2Fwp%2Fv2%2Ftags&post=61224"}],"curies":[{"name":"wp","href":"https:\/\/api.w.org\/{rel}","templated":true}]}}