{"id":6121,"date":"2023-01-10T11:18:03","date_gmt":"2023-01-10T11:18:03","guid":{"rendered":"https:\/\/dekkbi.com\/?p=6121"},"modified":"2023-01-10T11:18:04","modified_gmt":"2023-01-10T11:18:04","slug":"presidentielle-2024-sur-fond-de-3eme-mandat-la-majorite-a-lheure-du-reniement","status":"publish","type":"post","link":"https:\/\/dekkbi.com\/?p=6121","title":{"rendered":"Pr\u00e9sidentielle 2024, sur fond de 3eme mandat : la majorit\u00e9 \u00e0 l\u2019heure du reniement"},"content":{"rendered":"\n<p><strong>A quelques mois de l\u2019\u00e9lection pr\u00e9sidentielle de 2024, le r\u00e9gime en place fait face \u00e0 une temp\u00eate de revirement. En effet, apr\u00e8s avoir \u00e9t\u00e9 de fervents d\u00e9fenseurs du principe de deux mandats pour l\u2019actuel chef de l\u2019Etat, des responsables du parti au pouvoir, l\u2019Alliance pour la R\u00e9publique (Apr), et certains de leurs alli\u00e9s de Benno Bokk Yakaar ont op\u00e9r\u00e9 un v\u00e9ritable virage \u00e0 360<sup>\u00b0<\/sup>.<\/strong><\/p>\n\n\n\n<p>Le leader du mouvement Gueum Sa bopp Bougane Gu\u00e8ye Dany a-t-il raison en invoquant la possibilit\u00e9 de traduire devant la Haute cour de justice pour haute trahison certaines autorit\u00e9s du r\u00e9gime en place sur la question du troisi\u00e8me mandat ? Cette question m\u00e9rite bien d\u2019\u00eatre pos\u00e9e. Pour cause, apr\u00e8s avoir \u00e9t\u00e9 en premi\u00e8re ligne dans la lutte contre la 3<sup>e<\/sup>\u00a0candidature du pr\u00e9sident Abdoulaye Wade, des responsables du parti au pouvoir, l\u2019Alliance pour la R\u00e9publique (Apr), et certains de leurs alli\u00e9s de Benno Bokk Yakaar ont op\u00e9r\u00e9 un v\u00e9ritable retournement de veste. Nonobstant leur position ferme en 2016 sur cette question de troisi\u00e8me candidature qu\u2019ils accusaient l\u2019opposition \u00e0 l\u2019\u00e9poque d\u2019avoir agit\u00e9e pour faire triompher le non lors du r\u00e9f\u00e9rendum, force est de constater que ces partisans de l\u2019actuel chef de l\u2019Etat ont raval\u00e9 leur vomi. Il s\u2019agit entre autres, des ministres Mame Mbaye Niang, Mbaye Ndiaye, Cheikh Kant\u00e9, Aliou Sow, Isma\u00efla Madior Fall et l\u2019honorable d\u00e9put\u00e9 Abdou Mbow pour ne citer que ceux-l\u00e0 puisque la liste est loin d\u2019\u00eatre exhaustive.<\/p>\n\n\n\n<p>De fervents d\u00e9fenseurs du principe de deux mandats pour le pr\u00e9sident Sall entre le r\u00e9f\u00e9rendum de 2016 et la pr\u00e9sidentielle de 2019, ces personnalit\u00e9s ont chang\u00e9 de discours et de position depuis la r\u00e9\u00e9lection de leur mentor en se transformant en promoteurs de cette troisi\u00e8me candidature. Sur le terrain, ils multiplient de plus en plus des actions politico-m\u00e9diatiques sous le regard complice du pr\u00e9sident Sall qui avait pourtant jur\u00e9 apr\u00e8s la pr\u00e9sidentielle de 2019, d\u2019avoir entam\u00e9 son deuxi\u00e8me et dernier mandat. Pour rappel, s\u2019exprimant sur cette question de 3<sup>e<\/sup>\u00a0candidature lors d\u2019une visite de proximit\u00e9 \u00e0 Thiaroye et Diamagu\u00e8ne en mars 2016, Mame Mbaye Niang alors ministre de la Jeunesse avait accus\u00e9 les opposants de \u00ab\u00a0jouer au plus fin en annon\u00e7ant que Macky Sall veut briguer un troisi\u00e8me mandat\u00a0\u00bb. Sous ce rapport, il avait ainsi non seulement soutenu que \u00ab\u00a0le pr\u00e9sident Macky Sall n\u2019est m\u00eame pas ce genre de personne\u00a0\u00bb \u00e0 revenir sur sa parole. Mais aussi que ce dernier \u00ab\u00a0ne pourra jamais compter sur son soutien lorsqu\u2019il s\u2019agira de briguer un troisi\u00e8me mandat\u00bb. Outre le ministre Mame Mbaye Niang, nous pouvons \u00e9galement citer le ministre d\u2019Etat et Directeur des structures de l\u2019APR, Mbaye Ndiaye. Ce dernier, apr\u00e8s avoir \u00e9t\u00e9 au premier plan dans la campagne de forte m\u00e9diatisation de la r\u00e9duction du septennat en quinquennat entre 2012 et 2016, Mbaye Ndiaye a surpris plus d\u2019un S\u00e9n\u00e9galais en d\u00e9clarant sur le plateau de l\u2019\u00e9mission \u00ab\u00a0jakarlo\u00a0\u00bb de la Tfm, que le pr\u00e9sident Macky Sall exer\u00e7ait son premier mandat, apr\u00e8s sa r\u00e9\u00e9lection en f\u00e9vrier 2019. Mais quelques jours apr\u00e8s cette sortie malheureuse, il est revenu pour pr\u00e9senter ses \u00abexcuses aupr\u00e8s des S\u00e9n\u00e9galais qui ont mal compris ce que j\u2019ai dit. Je n\u2019ai pas parl\u00e9 de 3\u00e8me mandat, j\u2019interpr\u00e9tais l\u2019article qui parlait des mandats mais je ne suis pas pour le troisi\u00e8me mandat \u00bb.<\/p>\n\n\n\n<p><\/p>\n\n\n\n<p>SUDONLINE<\/p>\n","protected":false},"excerpt":{"rendered":"<p>A quelques mois de l\u2019\u00e9lection pr\u00e9sidentielle de 2024, le r\u00e9gime en place fait face \u00e0 une temp\u00eate de revirement. En<\/p>\n","protected":false},"author":1,"featured_media":1931,"comment_status":"open","ping_status":"open","sticky":false,"template":"","format":"standard","meta":{"footnotes":""},"categories":[6],"tags":[],"class_list":["post-6121","post","type-post","status-publish","format-standard","has-post-thumbnail","hentry","category-politics"],"_links":{"self":[{"href":"https:\/\/dekkbi.com\/index.php?rest_route=\/wp\/v2\/posts\/6121","targetHints":{"allow":["GET"]}}],"collection":[{"href":"https:\/\/dekkbi.com\/index.php?rest_route=\/wp\/v2\/posts"}],"about":[{"href":"https:\/\/dekkbi.com\/index.php?rest_route=\/wp\/v2\/types\/post"}],"author":[{"embeddable":true,"href":"https:\/\/dekkbi.com\/index.php?rest_route=\/wp\/v2\/users\/1"}],"replies":[{"embeddable":true,"href":"https:\/\/dekkbi.com\/index.php?rest_route=%2Fwp%2Fv2%2Fcomments&post=6121"}],"version-history":[{"count":1,"href":"https:\/\/dekkbi.com\/index.php?rest_route=\/wp\/v2\/posts\/6121\/revisions"}],"predecessor-version":[{"id":6122,"href":"https:\/\/dekkbi.com\/index.php?rest_route=\/wp\/v2\/posts\/6121\/revisions\/6122"}],"wp:featuredmedia":[{"embeddable":true,"href":"https:\/\/dekkbi.com\/index.php?rest_route=\/wp\/v2\/media\/1931"}],"wp:attachment":[{"href":"https:\/\/dekkbi.com\/index.php?rest_route=%2Fwp%2Fv2%2Fmedia&parent=6121"}],"wp:term":[{"taxonomy":"category","embeddable":true,"href":"https:\/\/dekkbi.com\/index.php?rest_route=%2Fwp%2Fv2%2Fcategories&post=6121"},{"taxonomy":"post_tag","embeddable":true,"href":"https:\/\/dekkbi.com\/index.php?rest_route=%2Fwp%2Fv2%2Ftags&post=6121"}],"curies":[{"name":"wp","href":"https:\/\/api.w.org\/{rel}","templated":true}]}}