{"id":61209,"date":"2025-08-08T13:00:12","date_gmt":"2025-08-08T13:00:12","guid":{"rendered":"https:\/\/dekkbi.com\/?p=61209"},"modified":"2025-08-08T13:00:13","modified_gmt":"2025-08-08T13:00:13","slug":"concours-general-2025-la-fondation-sonatel-honore-lexcellence-et-renouvelle-son-engagement-pour-leducation-au-senegal","status":"publish","type":"post","link":"https:\/\/dekkbi.com\/?p=61209","title":{"rendered":"Concours g\u00e9n\u00e9ral 2025 : La Fondation Sonatel honore l\u2019Excellence et renouvelle son engagement pour l\u2019Education au S\u00e9n\u00e9gal"},"content":{"rendered":"\n<p>Dakar,  2025\u2013 La Fondation Sonatel, fid\u00e8le \u00e0 son engagement citoyen, renouvelle cette ann\u00e9e son soutien ind\u00e9fectible \u00e0 l\u2019\u00e9ducation, en accompagnant, comme \u00e0 son habitude, l\u2019un des \u00e9v\u00e9nements les plus prestigieux du syst\u00e8me \u00e9ducatif s\u00e9n\u00e9galais : le Concours g\u00e9n\u00e9ral.<\/p>\n\n\n\n<p>Depuis plus de deux d\u00e9cennies, la Fondation accompagne, aux c\u00f4t\u00e9s du Minist\u00e8re de l\u2019\u00c9ducation nationale, l\u2019organisation de la C\u00e9r\u00e9monie solennelle de remise des Prix aux laur\u00e9ats. Cette initiative, qui en est \u00e0 sa 23e \u00e9dition, en partenariat avec la Fondation, vise \u00e0 valoriser l\u2019excellence acad\u00e9mique, \u00e0 promouvoir le m\u00e9rite scolaire et \u00e0 encourager l\u2019effort personnel dans toutes les r\u00e9gions du pays.<\/p>\n\n\n\n<p>Dans un contexte o\u00f9 les enjeux li\u00e9s \u00e0 l\u2019\u00e9ducation sont majeurs, la Fondation Sonatel r\u00e9affirme plus que jamais sa conviction profonde : l\u2019avenir du S\u00e9n\u00e9gal repose sur la connaissance, les comp\u00e9tences et la reconnaissance des talents. Elle s\u2019engage donc, avec constance et d\u00e9termination, \u00e0 accompagner les \u00e9l\u00e8ves les plus m\u00e9ritants du pays.<\/p>\n\n\n\n<p>Pour l\u2019\u00e9dition 2025 du Concours g\u00e9n\u00e9ral, une enveloppe globale de 12 500 000 FCfa est d\u00e9di\u00e9e \u00e0 la r\u00e9compense des laur\u00e9ats, r\u00e9partie comme suit :<br>au Meilleur \u00e9l\u00e8ve des classes de Premi\u00e8re, Ameth BABOU: 1 000 000 FCfa ;<br>au Meilleur \u00e9l\u00e8ve des classes de Terminale, Abdoulaye KEBE : 1 000 000 FCfa ;<br>aux 20 laur\u00e9ats ayant obtenu un 1er prix : 500 000 FCfa ;<br>au laur\u00e9at Coup de C\u0153ur, Pape Natago MBAYE : 500 000 FCfa.<\/p>\n\n\n\n<p>En plus de ces prix, un pack comprenant une connexion internet de 30 giga, 3000 mn d\u2019appels et 1000 sms, sera offert pendant deux mois aux bacheliers ayant obtenu la mention Tr\u00e8s Bien, et aux laur\u00e9ats du Concours g\u00e9n\u00e9ral.<\/p>\n\n\n\n<p>Au-del\u00e0 de la valorisation individuelle, ces distinctions traduisent la volont\u00e9 de la Fondation de soutenir un mod\u00e8le \u00e9ducatif exigeant, \u00e9quitable et tourn\u00e9 vers l\u2019avenir. Par cette action, elle entend amplifier le message selon lequel, le travail, la discipline et l\u2019intelligence doivent \u00eatre reconnus et c\u00e9l\u00e9br\u00e9s \u00e0 leur juste valeur.<\/p>\n\n\n\n<p>Ce partenariat de longue date avec l\u2019\u00c9tat du S\u00e9n\u00e9gal, \u00e0 travers le Minist\u00e8re de l\u2019\u00c9ducation nationale, illustre la vision de la Fondation Sonatel : agir concr\u00e8tement pour une soci\u00e9t\u00e9 \u00e9ducative s\u00e9n\u00e9galaise de qualit\u00e9, plus inclusive, plus performante et capable de former les femmes et les hommes qui b\u00e2tiront le S\u00e9n\u00e9gal de demain.<\/p>\n\n\n\n<p>En magnifiant l\u2019Excellence, la Fondation Sonatel renforce son engagement social et son r\u00f4le d\u2019acteur engag\u00e9 dans le d\u00e9veloppement durable du pays.<\/p>\n\n\n\n<figure class=\"wp-block-image\"><a href=\"javascript:void(0)\"><img decoding=\"async\" src=\"https:\/\/www.leral.net\/photo\/art\/default\/90375197-63743282.jpg?v=1754585606\" alt=\"Concours g\u00e9n\u00e9ral 2025 : La Fondation Sonatel honore l\u2019Excellence et renouvelle son engagement pour l\u2019Education au S\u00e9n\u00e9gal\" title=\"Concours g\u00e9n\u00e9ral 2025 : La Fondation Sonatel honore l\u2019Excellence et renouvelle son engagement pour l\u2019Education au S\u00e9n\u00e9gal\"\/><\/a><\/figure>\n\n\n\n<figure class=\"wp-block-image\"><a href=\"javascript:void(0)\"><img decoding=\"async\" src=\"https:\/\/www.leral.net\/photo\/art\/default\/90375197-63743286.jpg?v=1754585639\" alt=\"Concours g\u00e9n\u00e9ral 2025 : La Fondation Sonatel honore l\u2019Excellence et renouvelle son engagement pour l\u2019Education au S\u00e9n\u00e9gal\" title=\"Concours g\u00e9n\u00e9ral 2025 : La Fondation Sonatel honore l\u2019Excellence et renouvelle son engagement pour l\u2019Education au S\u00e9n\u00e9gal\"\/><\/a><\/figure>\n\n\n\n<figure class=\"wp-block-image\"><a href=\"javascript:void(0)\"><img decoding=\"async\" src=\"https:\/\/www.leral.net\/photo\/art\/default\/90375197-63743290.jpg?v=1754585668\" alt=\"Concours g\u00e9n\u00e9ral 2025 : La Fondation Sonatel honore l\u2019Excellence et renouvelle son engagement pour l\u2019Education au S\u00e9n\u00e9gal\" title=\"Concours g\u00e9n\u00e9ral 2025 : La Fondation Sonatel honore l\u2019Excellence et renouvelle son engagement pour l\u2019Education au S\u00e9n\u00e9gal\"\/><\/a><\/figure>\n\n\n\n<figure class=\"wp-block-image\"><a href=\"javascript:void(0)\"><img decoding=\"async\" src=\"https:\/\/www.leral.net\/photo\/art\/default\/90375197-63743291.jpg?v=1754585705\" alt=\"Concours g\u00e9n\u00e9ral 2025 : La Fondation Sonatel honore l\u2019Excellence et renouvelle son engagement pour l\u2019Education au S\u00e9n\u00e9gal\" title=\"Concours g\u00e9n\u00e9ral 2025 : La Fondation Sonatel honore l\u2019Excellence et renouvelle son engagement pour l\u2019Education au S\u00e9n\u00e9gal\"\/><\/a><\/figure>\n\n\n\n<figure class=\"wp-block-image\"><a href=\"javascript:void(0)\"><img decoding=\"async\" src=\"https:\/\/www.leral.net\/photo\/art\/default\/90375197-63743299.jpg?v=1754585736\" alt=\"Concours g\u00e9n\u00e9ral 2025 : La Fondation Sonatel honore l\u2019Excellence et renouvelle son engagement pour l\u2019Education au S\u00e9n\u00e9gal\" title=\"Concours g\u00e9n\u00e9ral 2025 : La Fondation Sonatel honore l\u2019Excellence et renouvelle son engagement pour l\u2019Education au S\u00e9n\u00e9gal\"\/><\/a><\/figure>\n\n\n\n<figure class=\"wp-block-image\"><a href=\"javascript:void(0)\"><img decoding=\"async\" src=\"https:\/\/www.leral.net\/photo\/art\/default\/90375197-63743308.jpg?v=1754585769\" alt=\"Concours g\u00e9n\u00e9ral 2025 : La Fondation Sonatel honore l\u2019Excellence et renouvelle son engagement pour l\u2019Education au S\u00e9n\u00e9gal\" title=\"Concours g\u00e9n\u00e9ral 2025 : La Fondation Sonatel honore l\u2019Excellence et renouvelle son engagement pour l\u2019Education au S\u00e9n\u00e9gal\"\/><\/a><\/figure>\n","protected":false},"excerpt":{"rendered":"<p>Dakar, 2025\u2013 La Fondation Sonatel, fid\u00e8le \u00e0 son engagement citoyen, renouvelle cette ann\u00e9e son soutien ind\u00e9fectible \u00e0 l\u2019\u00e9ducation, en accompagnant,<\/p>\n","protected":false},"author":1,"featured_media":61210,"comment_status":"open","ping_status":"open","sticky":false,"template":"","format":"standard","meta":{"footnotes":""},"categories":[26],"tags":[],"class_list":["post-61209","post","type-post","status-publish","format-standard","has-post-thumbnail","hentry","category-fait-divers"],"_links":{"self":[{"href":"https:\/\/dekkbi.com\/index.php?rest_route=\/wp\/v2\/posts\/61209","targetHints":{"allow":["GET"]}}],"collection":[{"href":"https:\/\/dekkbi.com\/index.php?rest_route=\/wp\/v2\/posts"}],"about":[{"href":"https:\/\/dekkbi.com\/index.php?rest_route=\/wp\/v2\/types\/post"}],"author":[{"embeddable":true,"href":"https:\/\/dekkbi.com\/index.php?rest_route=\/wp\/v2\/users\/1"}],"replies":[{"embeddable":true,"href":"https:\/\/dekkbi.com\/index.php?rest_route=%2Fwp%2Fv2%2Fcomments&post=61209"}],"version-history":[{"count":1,"href":"https:\/\/dekkbi.com\/index.php?rest_route=\/wp\/v2\/posts\/61209\/revisions"}],"predecessor-version":[{"id":61211,"href":"https:\/\/dekkbi.com\/index.php?rest_route=\/wp\/v2\/posts\/61209\/revisions\/61211"}],"wp:featuredmedia":[{"embeddable":true,"href":"https:\/\/dekkbi.com\/index.php?rest_route=\/wp\/v2\/media\/61210"}],"wp:attachment":[{"href":"https:\/\/dekkbi.com\/index.php?rest_route=%2Fwp%2Fv2%2Fmedia&parent=61209"}],"wp:term":[{"taxonomy":"category","embeddable":true,"href":"https:\/\/dekkbi.com\/index.php?rest_route=%2Fwp%2Fv2%2Fcategories&post=61209"},{"taxonomy":"post_tag","embeddable":true,"href":"https:\/\/dekkbi.com\/index.php?rest_route=%2Fwp%2Fv2%2Ftags&post=61209"}],"curies":[{"name":"wp","href":"https:\/\/api.w.org\/{rel}","templated":true}]}}