{"id":61193,"date":"2025-08-08T12:14:35","date_gmt":"2025-08-08T12:14:35","guid":{"rendered":"https:\/\/dekkbi.com\/?p=61193"},"modified":"2025-08-08T12:14:35","modified_gmt":"2025-08-08T12:14:35","slug":"dialogue-social-le-haut-conseil-installe-ses-30-membres","status":"publish","type":"post","link":"https:\/\/dekkbi.com\/?p=61193","title":{"rendered":"Dialogue social : le Haut Conseil installe ses 30 membres"},"content":{"rendered":"\n<p><strong>Le Haut Conseil du Dialogue Social (HCDS), institution tripartite nationale d\u00e9di\u00e9e \u00e0 la promotion d\u2019un climat social apais\u00e9, a officiellement install\u00e9 ses membres ce jeudi 7 ao\u00fbt \u00e0 Dakar. La c\u00e9r\u00e9monie s\u2019est d\u00e9roul\u00e9e en pr\u00e9sence du ministre de la Fonction publique et de la R\u00e9forme du Service public, Olivier Boucal.<\/strong><\/p>\n\n\n\n<p>Compos\u00e9 de 30 membres titulaires et de 30 suppl\u00e9ants, le Conseil rassemble de mani\u00e8re paritaire des repr\u00e9sentants de l\u2019\u00c9tat, des travailleurs et du patronat. Ces derniers auront pour mission de renforcer le dialogue entre les diff\u00e9rentes forces sociales et de contribuer \u00e0 la pr\u00e9vention des conflits. Chacun des membres a re\u00e7u, lors de la c\u00e9r\u00e9monie, l\u2019\u00e9charpe symbolisant son entr\u00e9e en fonction au sein de l\u2019institution.<\/p>\n\n\n\n<p>Mamadou Lamine Diant\u00e9, pr\u00e9sident du HCDS, a rappel\u00e9 que la composition de l\u2019organe repose sur le principe de repr\u00e9sentativit\u00e9. \u00ab C\u2019est en se pr\u00e9valant du niveau de repr\u00e9sentativit\u00e9 de leurs centrales et de leurs conf\u00e9d\u00e9rations que les dix repr\u00e9sentants des travailleurs ainsi que les dix autres repr\u00e9sentants des employeurs si\u00e8gent au sein de l\u2019Institution \u00bb, a-t-il pr\u00e9cis\u00e9. Il a \u00e9galement insist\u00e9 sur la n\u00e9cessit\u00e9 pour les syndicats affili\u00e9s de renouveler r\u00e9guli\u00e8rement leurs instances conform\u00e9ment aux textes l\u00e9gislatifs et r\u00e9glementaires en vigueur.<\/p>\n\n\n\n<p>L\u2019aspect tripartite de l\u2019institution est renforc\u00e9 par la pr\u00e9sence de dix repr\u00e9sentants des minist\u00e8res les plus concern\u00e9s par les attentes des travailleurs et des employeurs. Une disposition qui, selon M. Diant\u00e9, vise \u00e0 \u00ab conf\u00e9rer \u00e0 l\u2019Institution un caract\u00e8re \u00e0 la fois tripartite et paritaire \u00bb.<\/p>\n\n\n\n<p>Dans son allocution, le pr\u00e9sident du HCDS a exhort\u00e9 ses coll\u00e8gues conseillers \u00e0 une mobilisation collective. \u00ab Engageons-nous ensemble pour relever les d\u00e9fis qui nous attendent, afin de r\u00e9pondre aux attentes du peuple s\u00e9n\u00e9galais et de ses dirigeants, mais aussi de nous illustrer dans l\u2019\u0153uvre collective de d\u00e9veloppement \u00e9conomique et social du pays \u00bb, a-t-il d\u00e9clar\u00e9. Il a par ailleurs salu\u00e9 l\u2019orientation strat\u00e9gique des autorit\u00e9s en faveur du travail : \u00ab En s\u2019inscrivant dans cette option centr\u00e9e autour du travail, les plus hautes autorit\u00e9s nous confortent dans l\u2019id\u00e9e qu\u2019aucun d\u00e9veloppement durable et inclusif n\u2019est possible s\u2019il ne porte pas sur l\u2019humain. \u00bb<\/p>\n\n\n\n<p>Prenant la parole \u00e0 son tour, le ministre Olivier Boucal a soulign\u00e9 l\u2019importance institutionnelle de cette installation. \u00ab Du point de vue de la conformit\u00e9, la mise en place du Haut Conseil du Dialogue participe de la consolidation de l\u2019option faite par les autorit\u00e9s de l\u2019\u00c9tat relativement aux mandants tripartites nationaux, et de la mise en \u0153uvre effective des dispositions de la convention 144 de l\u2019Organisation internationale du Travail sur les consultations tripartites li\u00e9es aux normes internationales du travail, ratifi\u00e9e par le S\u00e9n\u00e9gal en 2005 \u00bb, a-t-il d\u00e9clar\u00e9.<\/p>\n\n\n\n<p>Au-del\u00e0 du cadre normatif, le ministre a salu\u00e9 le r\u00f4le accru du HCDS dans la gestion des tensions sociales : \u00ab L\u2019installation de ces membres permettra \u00e0 coup s\u00fbr de renforcer les moyens d\u2019action du HCDS qui, il faut le dire, a gagn\u00e9 en dynamisme et a fini de d\u00e9montrer son importance dans la gestion des crises et l\u2019animation du dialogue social. \u00bb<\/p>\n\n\n\n<p>Il a enfin adress\u00e9 un message d\u2019engagement aux nouveaux conseillers : \u00ab Les choix port\u00e9s sur vous traduisent \u00e9galement des attentes fortes en termes d\u2019engagement, de performance et de contribution \u00e0 la consolidation des r\u00e9sultats louables du Haut Conseil. C\u2019est pourquoi je vous exhorte toutes et tous \u00e0 ne m\u00e9nager aucun effort pour aider votre institution \u00e0 am\u00e9liorer ses performances, \u00e0 travers notamment le renforcement des actions de pr\u00e9vention des crises sociales, de m\u00e9diation et de facilitation des n\u00e9gociations et de r\u00e9alisation d\u2019\u00e9tudes \u00e0 m\u00eame d\u2019\u00e9clairer les choix de l\u2019autorit\u00e9 et de faciliter les actions des diff\u00e9rentes parties prenantes. \u00bb<\/p>\n\n\n\n<p><strong>\u00a0DENISE Z. MEDANG<\/strong><br>SUDQUOTIDIEN<\/p>\n","protected":false},"excerpt":{"rendered":"<p>Le Haut Conseil du Dialogue Social (HCDS), institution tripartite nationale d\u00e9di\u00e9e \u00e0 la promotion d\u2019un climat social apais\u00e9, a officiellement<\/p>\n","protected":false},"author":1,"featured_media":61194,"comment_status":"open","ping_status":"open","sticky":false,"template":"","format":"standard","meta":{"footnotes":""},"categories":[6],"tags":[],"class_list":["post-61193","post","type-post","status-publish","format-standard","has-post-thumbnail","hentry","category-politics"],"_links":{"self":[{"href":"https:\/\/dekkbi.com\/index.php?rest_route=\/wp\/v2\/posts\/61193","targetHints":{"allow":["GET"]}}],"collection":[{"href":"https:\/\/dekkbi.com\/index.php?rest_route=\/wp\/v2\/posts"}],"about":[{"href":"https:\/\/dekkbi.com\/index.php?rest_route=\/wp\/v2\/types\/post"}],"author":[{"embeddable":true,"href":"https:\/\/dekkbi.com\/index.php?rest_route=\/wp\/v2\/users\/1"}],"replies":[{"embeddable":true,"href":"https:\/\/dekkbi.com\/index.php?rest_route=%2Fwp%2Fv2%2Fcomments&post=61193"}],"version-history":[{"count":1,"href":"https:\/\/dekkbi.com\/index.php?rest_route=\/wp\/v2\/posts\/61193\/revisions"}],"predecessor-version":[{"id":61195,"href":"https:\/\/dekkbi.com\/index.php?rest_route=\/wp\/v2\/posts\/61193\/revisions\/61195"}],"wp:featuredmedia":[{"embeddable":true,"href":"https:\/\/dekkbi.com\/index.php?rest_route=\/wp\/v2\/media\/61194"}],"wp:attachment":[{"href":"https:\/\/dekkbi.com\/index.php?rest_route=%2Fwp%2Fv2%2Fmedia&parent=61193"}],"wp:term":[{"taxonomy":"category","embeddable":true,"href":"https:\/\/dekkbi.com\/index.php?rest_route=%2Fwp%2Fv2%2Fcategories&post=61193"},{"taxonomy":"post_tag","embeddable":true,"href":"https:\/\/dekkbi.com\/index.php?rest_route=%2Fwp%2Fv2%2Ftags&post=61193"}],"curies":[{"name":"wp","href":"https:\/\/api.w.org\/{rel}","templated":true}]}}