{"id":61187,"date":"2025-08-08T11:42:24","date_gmt":"2025-08-08T11:42:24","guid":{"rendered":"https:\/\/dekkbi.com\/?p=61187"},"modified":"2025-08-08T12:46:04","modified_gmt":"2025-08-08T12:46:04","slug":"loi-sur-la-declaration-de-patrimoine-birahim-seck-invite-lassemblee-nationale-a-montrer-lexemple","status":"publish","type":"post","link":"https:\/\/dekkbi.com\/?p=61187","title":{"rendered":"Loi sur la d\u00e9claration de patrimoine: Birahim Seck invite l\u2019Assembl\u00e9e nationale \u00e0 montrer l\u2019exemple"},"content":{"rendered":"\n<p>Analysant le texte sur la d\u00e9claration de patrimoine, le Coordonnateur du Forum civil a salu\u00e9 le maintien, dans le nouveau projet de loi, des avanc\u00e9es contenues dans la loi en vigueur de 2024, ainsi que l\u2019\u00e9largissement de l\u2019assiette des assujettis, notamment aux personnes issues du secteur de la justice. \u00ab Nous pensons \u00e9galement que c\u2019est une avanc\u00e9e non n\u00e9gligeable \u00bb, a-t-il soulign\u00e9.<\/p>\n\n\n\n<p>Poursuivant son propos, Birahim Seck a, dans la foul\u00e9e, interpell\u00e9 les parlementaires et les a invit\u00e9s \u00e0 jouer pleinement leur r\u00f4le dans le respect de cette loi, une fois adopt\u00e9e. \u00ab L\u2019autre aspect, c\u2019est d\u2019attirer l\u2019attention des parlementaires, car ils doivent donner l\u2019exemple. <\/p>\n\n\n\n<p>Au sein de l\u2019Assembl\u00e9e nationale, c\u2019est le pr\u00e9sident de l\u2019Assembl\u00e9e nationale qui doit d\u00e9clarer sa situation patrimoniale, de m\u00eame que les questeurs et les deux personnalit\u00e9s impliqu\u00e9es dans la gestion financi\u00e8re.<\/p>\n\n\n\n<p>Nous pensons que les membres du bureau de l\u2019Assembl\u00e9e nationale doivent montrer l\u2019exemple, car l\u2019objectif ici, dans une logique de pr\u00e9vention, c\u2019est la lutte contre la corruption. Les membres du bureau ne doivent donc pas \u00eatre en reste \u00bb, a-t-il insist\u00e9.<\/p>\n\n\n\n<p><strong>NANDO CABRAL GOMIS<\/strong><br><\/p>\n\n\n\n<p><br><\/p>\n","protected":false},"excerpt":{"rendered":"<p>Analysant le texte sur la d\u00e9claration de patrimoine, le Coordonnateur du Forum civil a salu\u00e9 le maintien, dans le nouveau<\/p>\n","protected":false},"author":1,"featured_media":41567,"comment_status":"open","ping_status":"open","sticky":false,"template":"","format":"standard","meta":{"footnotes":""},"categories":[3],"tags":[],"class_list":["post-61187","post","type-post","status-publish","format-standard","has-post-thumbnail","hentry","category-event-more-news"],"_links":{"self":[{"href":"https:\/\/dekkbi.com\/index.php?rest_route=\/wp\/v2\/posts\/61187","targetHints":{"allow":["GET"]}}],"collection":[{"href":"https:\/\/dekkbi.com\/index.php?rest_route=\/wp\/v2\/posts"}],"about":[{"href":"https:\/\/dekkbi.com\/index.php?rest_route=\/wp\/v2\/types\/post"}],"author":[{"embeddable":true,"href":"https:\/\/dekkbi.com\/index.php?rest_route=\/wp\/v2\/users\/1"}],"replies":[{"embeddable":true,"href":"https:\/\/dekkbi.com\/index.php?rest_route=%2Fwp%2Fv2%2Fcomments&post=61187"}],"version-history":[{"count":1,"href":"https:\/\/dekkbi.com\/index.php?rest_route=\/wp\/v2\/posts\/61187\/revisions"}],"predecessor-version":[{"id":61188,"href":"https:\/\/dekkbi.com\/index.php?rest_route=\/wp\/v2\/posts\/61187\/revisions\/61188"}],"wp:featuredmedia":[{"embeddable":true,"href":"https:\/\/dekkbi.com\/index.php?rest_route=\/wp\/v2\/media\/41567"}],"wp:attachment":[{"href":"https:\/\/dekkbi.com\/index.php?rest_route=%2Fwp%2Fv2%2Fmedia&parent=61187"}],"wp:term":[{"taxonomy":"category","embeddable":true,"href":"https:\/\/dekkbi.com\/index.php?rest_route=%2Fwp%2Fv2%2Fcategories&post=61187"},{"taxonomy":"post_tag","embeddable":true,"href":"https:\/\/dekkbi.com\/index.php?rest_route=%2Fwp%2Fv2%2Ftags&post=61187"}],"curies":[{"name":"wp","href":"https:\/\/api.w.org\/{rel}","templated":true}]}}