{"id":61179,"date":"2025-08-08T09:37:27","date_gmt":"2025-08-08T09:37:27","guid":{"rendered":"https:\/\/dekkbi.com\/?p=61179"},"modified":"2025-08-08T09:37:27","modified_gmt":"2025-08-08T09:37:27","slug":"abass-fall-reaffirme-lengagement-de-letat-en-faveur-dune-politique-de-lemploi-forte-et-coherente","status":"publish","type":"post","link":"https:\/\/dekkbi.com\/?p=61179","title":{"rendered":"Abass Fall r\u00e9affirme l\u2019engagement de l\u2019Etat en faveur d\u2019une politique de l\u2019emploi \u201dforte et coh\u00e9rente\u201d"},"content":{"rendered":"\n<p>Kaolack, (APS) \u2013 Le ministre du Travail, de l\u2019Emploi et des Relations avec les institutions, Abass Fall, a r\u00e9affirm\u00e9, jeudi, \u00e0 Kaolack (centre), l\u2019engagement du gouvernement s\u00e9n\u00e9galais en faveur d\u2019une politique publique de l\u2019emploi \u201dforte et coh\u00e9rente\u201d.<\/p>\n\n\n\n<p>M. Fall pr\u00e9sidait une r\u00e9union sp\u00e9ciale du Comit\u00e9 r\u00e9gional de d\u00e9veloppement (CRD sp\u00e9cial) dans le cadre des consultations nationales en vue de l\u2019\u00e9laboration de la politique nationale de l\u2019emploi, sous la supervision du gouverneur de la r\u00e9gion de Kaolack, Mouhamadou Moctar Watt.<\/p>\n\n\n\n<p>\u201dCette rencontre, d\u2019une grande importance, marque une \u00e9tape cl\u00e9 dans notre engagement commun pour l\u2019\u00e9laboration d\u2019une politique publique forte et coh\u00e9rente en faveur de l\u2019emploi au S\u00e9n\u00e9gal\u2019\u2019, a-t-il notamment fait valoir.<\/p>\n\n\n\n<p>Selon lui, dans le cadre de la mise en \u0153uvre de la strat\u00e9gie nationale de d\u00e9veloppement pour la p\u00e9riode 2025-2029 (SND 2025-2029) adoss\u00e9e \u00e0 l\u2019agenda national de transformation \u2018\u2019S\u00e9n\u00e9gal 2050\u2019\u2019, le gouvernement a inscrit l\u2019emploi et l\u2019employabilit\u00e9 au c\u0153ur de ses pr\u00e9occupations et les a \u00e9rig\u00e9 parmi ses \u2018\u2019priorit\u00e9s majeures\u2019\u2019.<\/p>\n\n\n\n<p>Abass Fall a rappel\u00e9 que lors de la r\u00e9union du Conseil des ministres du 16 octobre 2024, le pr\u00e9sident de la R\u00e9publique, Bassirou Diomaye Faye, a instruit le minist\u00e8re qu\u2019il dirige de conduire l\u2019\u00e9laboration d\u2019une politique nationale de l\u2019emploi, en coh\u00e9rence avec la vision \u2018\u2019S\u00e9n\u00e9gal 2050\u2019\u2019.<\/p>\n\n\n\n<p>\u201dC\u2019est fid\u00e8le \u00e0 cette directive pr\u00e9sidentielle que le minist\u00e8re du Travail, de l\u2019Emploi et des Relations avec les institutions a engag\u00e9 un processus inclusif de co-construction, en collaboration avec l\u2019ensemble des parties prenantes de l\u2019\u00e9cosyst\u00e8me de l\u2019emploi aux niveaux central et territorial\u2019\u2019, a-t-il soulign\u00e9.<\/p>\n\n\n\n<p>D\u2019apr\u00e8s M. Fall, l\u2019objectif, c\u2019est de \u2018\u2019promouvoir\u2019\u2019 une \u2018\u2019approche participative et concert\u00e9e\u2019\u2019, afin de produire un \u2018\u2019document strat\u00e9gique\u2019\u2019 qui soit le \u2018\u2019reflet fid\u00e8le\u2019\u2019 des aspirations des populations, des r\u00e9alit\u00e9s locales et des priorit\u00e9s sp\u00e9cifiques \u00e0 chaque territoire.<\/p>\n\n\n\n<p>\u201dIl est utile pour nous de rappeler que le S\u00e9n\u00e9gal est signataire de plusieurs instruments internationaux et r\u00e9gionaux qui recommandent aux Etats de se doter d\u2019une politique nationale de l\u2019emploi. Une telle politique vise \u00e0 offrir un cadre op\u00e9rationnel, coh\u00e9rent, adapt\u00e9 et efficace pour la promotion de l\u2019emploi, en particulier chez les jeunes et les femmes\u2019\u2019, a-t-il signal\u00e9.<\/p>\n\n\n\n<p>Le ministre a indiqu\u00e9 que le processus d\u2019\u00e9laboration d\u2019une politique nationale de l\u2019emploi est \u00e0 l\u2019\u00e9tape \u2018\u2019cruciale\u2019\u2019 du diagnostic qui vise \u00e0 \u2018\u2019analyser avec rigueur\u2019\u2019 les diff\u00e9rentes facettes du march\u00e9 de l\u2019emploi au S\u00e9n\u00e9gal, \u00e0 confronter les exp\u00e9riences, \u00e0 croiser les regards pour en tirer des enseignements solides et de d\u00e9gager des \u2018\u2019axes d\u2019actions pertinents et r\u00e9alistes\u2019\u2019.<\/p>\n\n\n\n<p>Il en appelle \u00e0 l\u2019\u2019\u2019engagement actif\u2019\u2019 de toutes les parties prenantes afin que, sous l\u2019autorit\u00e9 du gouverneur, ces consultations aboutissent en un \u2018\u2019rapport de diagnostic r\u00e9gional structur\u00e9\u2019\u2019 et enrichi des \u2018\u2019recommandations concr\u00e8tes\u2019\u2019, qui viendra alimenter la future politique nationale de l\u2019emploi.<\/p>\n\n\n\n<p>\u201dIl est important de souligner que la territorialisation des politiques publiques doit \u00eatre amorc\u00e9e d\u00e8s la phase de conception, pour une prise en compte des r\u00e9alit\u00e9s et priorit\u00e9s propres \u00e0 chaque territoire\u201d, a soutenu Abass Fall.<\/p>\n\n\n\n<p>Le ministre a estim\u00e9 que l\u2019\u00e9laboration d\u2019une \u2018\u2019politique ambitieuse, inclusive et durable\u2019\u2019 en mati\u00e8re d\u2019emploi ne peut se faire que \u2018\u2019collectivement\u2019\u2019, dans un esprit de dialogue, de responsabilit\u00e9s partag\u00e9es et de projection vers l\u2019avenir que des fondations solides pourront \u00eatre pos\u00e9es.<\/p>\n\n\n\n<p>\u201dCette nouvelle politique sera exclusivement au service des populations\u201d, a-t-il insist\u00e9.<\/p>\n\n\n\n<p>ADE\/OID\/AB<\/p>\n","protected":false},"excerpt":{"rendered":"<p>Kaolack, (APS) \u2013 Le ministre du Travail, de l\u2019Emploi et des Relations avec les institutions, Abass Fall, a r\u00e9affirm\u00e9, jeudi,<\/p>\n","protected":false},"author":1,"featured_media":61180,"comment_status":"open","ping_status":"open","sticky":false,"template":"","format":"standard","meta":{"footnotes":""},"categories":[21],"tags":[],"class_list":["post-61179","post","type-post","status-publish","format-standard","has-post-thumbnail","hentry","category-societe"],"_links":{"self":[{"href":"https:\/\/dekkbi.com\/index.php?rest_route=\/wp\/v2\/posts\/61179","targetHints":{"allow":["GET"]}}],"collection":[{"href":"https:\/\/dekkbi.com\/index.php?rest_route=\/wp\/v2\/posts"}],"about":[{"href":"https:\/\/dekkbi.com\/index.php?rest_route=\/wp\/v2\/types\/post"}],"author":[{"embeddable":true,"href":"https:\/\/dekkbi.com\/index.php?rest_route=\/wp\/v2\/users\/1"}],"replies":[{"embeddable":true,"href":"https:\/\/dekkbi.com\/index.php?rest_route=%2Fwp%2Fv2%2Fcomments&post=61179"}],"version-history":[{"count":1,"href":"https:\/\/dekkbi.com\/index.php?rest_route=\/wp\/v2\/posts\/61179\/revisions"}],"predecessor-version":[{"id":61181,"href":"https:\/\/dekkbi.com\/index.php?rest_route=\/wp\/v2\/posts\/61179\/revisions\/61181"}],"wp:featuredmedia":[{"embeddable":true,"href":"https:\/\/dekkbi.com\/index.php?rest_route=\/wp\/v2\/media\/61180"}],"wp:attachment":[{"href":"https:\/\/dekkbi.com\/index.php?rest_route=%2Fwp%2Fv2%2Fmedia&parent=61179"}],"wp:term":[{"taxonomy":"category","embeddable":true,"href":"https:\/\/dekkbi.com\/index.php?rest_route=%2Fwp%2Fv2%2Fcategories&post=61179"},{"taxonomy":"post_tag","embeddable":true,"href":"https:\/\/dekkbi.com\/index.php?rest_route=%2Fwp%2Fv2%2Ftags&post=61179"}],"curies":[{"name":"wp","href":"https:\/\/api.w.org\/{rel}","templated":true}]}}