{"id":61176,"date":"2025-08-08T09:31:39","date_gmt":"2025-08-08T09:31:39","guid":{"rendered":"https:\/\/dekkbi.com\/?p=61176"},"modified":"2025-08-08T13:00:56","modified_gmt":"2025-08-08T13:00:56","slug":"guediawaye-les-acteurs-communautaires-exhortes-a-accentuer-la-sensibilisation-sur-limportance-de-lallaitement-maternel-ong","status":"publish","type":"post","link":"https:\/\/dekkbi.com\/?p=61176","title":{"rendered":"Gu\u00e9diawaye: les acteurs communautaires exhort\u00e9s \u00e0 accentuer la sensibilisation sur l\u2019importance de l\u2019allaitement maternel"},"content":{"rendered":"\n<p>Gu\u00e9diawaye,  (APS) \u2013 L\u2019ONG Action et d\u00e9veloppement (ACDEV) a mobilis\u00e9, jeudi, en partenariat avec le poste de sant\u00e9 de Golf Sud, \u00e0 Gu\u00e9diawaye, plusieurs acteurs communautaires de cette commune d\u2019arrondissement de la banlieue dakaroise, pour accentuer la sensibilisation des parents sur l\u2019importance de l\u2019allaitement maternel.<\/p>\n\n\n\n<p>\u201cNous esp\u00e9rons, \u00e0 force d\u2019accentuer la sensibilisation des parents, arriver \u00e0 relever significativement la tendance, et amener les m\u00e8res \u00e0 donner davantage le sein \u00e0 leurs b\u00e9b\u00e9s. Cela va fortement aider la lutte contre la malnutrition\u2019\u2019, a expliqu\u00e9, A\u00efssatou Sow, M\u00e9decin, charg\u00e9e de projets \u00e0 l\u2019ONG ACDEV.<\/p>\n\n\n\n<p>Elle intervenait en marge d\u2019une c\u00e9r\u00e9monie organis\u00e9e par sa structure et ses partenaires, au poste de sant\u00e9 de Golfe Sud, dans le cadre de la Semaine mondiale de l\u2019allaitement maternel.<\/p>\n\n\n\n<p>L\u2019initiative s\u2019inscrit dans le cadre du projet de lutte contre la malnutrition infantile dans les districts sanitaires de Gu\u00e9diawaye, Yeumbeul et Keur Massar, sous l\u2019\u00e9gide de l\u2019ONG ACDEV.<\/p>\n\n\n\n<p>\u201cNous nous appuyons sur l\u2019allaitement maternel, parce que c\u2019est la base, c\u2019est le premier aliment de l\u2019enfant. Si un b\u00e9b\u00e9 est allait\u00e9 exclusivement pendant ses six premiers mois, il a plus de chance d\u2019\u00eatre en bonne sant\u00e9. Il aura moins d\u2019infections\u201d, a ajout\u00e9 A\u00efssatou Sow.<\/p>\n\n\n\n<p>Elle a expliqu\u00e9 que la baisse du taux de l\u2019allaitement maternel exclusif est li\u00e9e \u00e0 certains tabous, au travail des m\u00e8res, \u00e0 \u201cl\u2019information (qui) ne passe pas comme il faut (\u2026)\u201d.<\/p>\n\n\n\n<p>Awa Thiam Seck, sage-femme, cheffe du poste de sant\u00e9 de Golfe Sud, a exhort\u00e9 les m\u00e8res, \u00e0 ne pas n\u00e9gliger l\u2019allaitement exclusif des nouveau-n\u00e9s jusqu\u2019\u00e0 six mois.<\/p>\n\n\n\n<p>\u201cLe premier r\u00e9flexe est qu\u2019il faut donner au nouveau-n\u00e9 le sein de sa m\u00e8re. Ce lait va \u00e9viter au nouveau-n\u00e9 certaines maladies, et il est conseill\u00e9 de donner exclusivement au b\u00e9b\u00e9 le sein maternel au moins jusqu\u2019\u00e0 six mois. Tout ce dont le b\u00e9b\u00e9 a besoin se trouve dans le sein de sa m\u00e8re\u201d, a-t-elle soulign\u00e9.<\/p>\n\n\n\n<p>Plusieurs acteurs communautaires ont plaid\u00e9 pour une large sensibilisation qui pourrait, selon eux, contribuer \u00e0 relever le taux d\u2019allaitement des nouveau-n\u00e9s.<\/p>\n\n\n\n<p>\u201cNous avons aujourd\u2019hui organis\u00e9 la journ\u00e9e de l\u2019allaitement. C\u2019\u00e9tait une occasion de passer le message, faire une large sensibilisation sur tout le sens d\u2019allaiter son enfant. Selon des recherches, l\u2019enfant trouve dans le sein de sa maman, tout ce dont il a besoin pour bien se nourrir\u201d, a d\u00e9clar\u00e9 Rokhaya Niang, point focal \u2018\u2019Bajenu Gox\u2019\u2019 (marraine de quartier) du poste de sant\u00e9 de Golfe Sud<\/p>\n\n\n\n<p>\u201cL\u2019allaitement, c\u2019est connu de tous, aide \u00e0 prot\u00e9ger l\u2019enfant contre certaines infections, certaines maladies\u201d, a dit la marraine.<\/p>\n\n\n\n<p>Cr\u00e9\u00e9e en 1991, ACDEV est une ONG s\u00e9n\u00e9galaise participant au d\u00e9veloppement socio-\u00e9conomique et sanitaire des populations s\u00e9n\u00e9galaises \u00e0 travers la formation, la sensibilisation et l\u2019action au niveau de base.&nbsp;<\/p>\n\n\n\n<p>Elle intervient dans les r\u00e9gions de Dakar, Louga, Kaolack, Thi\u00e8s, Diourbel, Saint-Louis, Fatick, Kaffrine, Kolda et S\u00e9dhiou.<\/p>\n\n\n\n<p>SG\/AB<\/p>\n","protected":false},"excerpt":{"rendered":"<p>Gu\u00e9diawaye, (APS) \u2013 L\u2019ONG Action et d\u00e9veloppement (ACDEV) a mobilis\u00e9, jeudi, en partenariat avec le poste de sant\u00e9 de Golf<\/p>\n","protected":false},"author":1,"featured_media":61177,"comment_status":"open","ping_status":"open","sticky":false,"template":"","format":"standard","meta":{"footnotes":""},"categories":[21],"tags":[],"class_list":["post-61176","post","type-post","status-publish","format-standard","has-post-thumbnail","hentry","category-societe"],"_links":{"self":[{"href":"https:\/\/dekkbi.com\/index.php?rest_route=\/wp\/v2\/posts\/61176","targetHints":{"allow":["GET"]}}],"collection":[{"href":"https:\/\/dekkbi.com\/index.php?rest_route=\/wp\/v2\/posts"}],"about":[{"href":"https:\/\/dekkbi.com\/index.php?rest_route=\/wp\/v2\/types\/post"}],"author":[{"embeddable":true,"href":"https:\/\/dekkbi.com\/index.php?rest_route=\/wp\/v2\/users\/1"}],"replies":[{"embeddable":true,"href":"https:\/\/dekkbi.com\/index.php?rest_route=%2Fwp%2Fv2%2Fcomments&post=61176"}],"version-history":[{"count":2,"href":"https:\/\/dekkbi.com\/index.php?rest_route=\/wp\/v2\/posts\/61176\/revisions"}],"predecessor-version":[{"id":61212,"href":"https:\/\/dekkbi.com\/index.php?rest_route=\/wp\/v2\/posts\/61176\/revisions\/61212"}],"wp:featuredmedia":[{"embeddable":true,"href":"https:\/\/dekkbi.com\/index.php?rest_route=\/wp\/v2\/media\/61177"}],"wp:attachment":[{"href":"https:\/\/dekkbi.com\/index.php?rest_route=%2Fwp%2Fv2%2Fmedia&parent=61176"}],"wp:term":[{"taxonomy":"category","embeddable":true,"href":"https:\/\/dekkbi.com\/index.php?rest_route=%2Fwp%2Fv2%2Fcategories&post=61176"},{"taxonomy":"post_tag","embeddable":true,"href":"https:\/\/dekkbi.com\/index.php?rest_route=%2Fwp%2Fv2%2Ftags&post=61176"}],"curies":[{"name":"wp","href":"https:\/\/api.w.org\/{rel}","templated":true}]}}