{"id":61172,"date":"2025-08-08T09:17:04","date_gmt":"2025-08-08T09:17:04","guid":{"rendered":"https:\/\/dekkbi.com\/?p=61172"},"modified":"2025-08-08T09:17:05","modified_gmt":"2025-08-08T09:17:05","slug":"signature-daccords-ousmane-sonko-et-recep-tayyip-erdogan-sur-la-meme-ligne","status":"publish","type":"post","link":"https:\/\/dekkbi.com\/?p=61172","title":{"rendered":"Signature d\u2019accords : Ousmane Sonko et Recep Tayyip Erdogan sur la m\u00eame ligne"},"content":{"rendered":"\n<p><strong>En visite officielle en T\u00fcrkiye, le Premier ministre Ousmane Sonko a \u00e9t\u00e9 re\u00e7u, hier jeudi, par le pr\u00e9sident turc Recep Tayyip Erdogan. En marge de cette rencontre, les deux parties ont sign\u00e9 plusieurs accords dans des domaines jug\u00e9s strat\u00e9giques, dont l\u2019\u00e9nergie, l\u2019agriculture, l\u2019industrie et la d\u00e9fense, entre autres. Les deux dirigeants ont \u00e9galement exprim\u00e9 leur convergence de vues sur plusieurs questions.<\/strong><\/p>\n\n\n\n<p>Le Premier ministre Ousmane Sonko, en T\u00fcrkiye depuis avant-hier, a entam\u00e9 ses activit\u00e9s \u00e0 Ankara, la capitale turque, hier jeudi. L\u2019un des temps forts de cette journ\u00e9e a \u00e9t\u00e9 sa rencontre avec le pr\u00e9sident de la R\u00e9publique de T\u00fcrkiye, Recep Tayyip Erdogan. Ce dernier a accueilli le Premier ministre lors d\u2019une c\u00e9r\u00e9monie officielle au complexe pr\u00e9sidentiel \u00e0 Ankara. Les deux dirigeants se sont d\u2019abord entretenus en t\u00eate-\u00e0-t\u00eate, avant de co-pr\u00e9sider les discussions entre leurs d\u00e9l\u00e9gations.<\/p>\n\n\n\n<p>\u00c0 l\u2019issue de ces \u00e9changes, Recep Tayyip Erdogan et Ousmane Sonko ont particip\u00e9 \u00e0 une c\u00e9r\u00e9monie de signature d\u2019accords, avant de s\u2019adresser conjointement \u00e0 la presse. Selon l\u2019Agence de presse s\u00e9n\u00e9galaise (Aps), le S\u00e9n\u00e9gal et la T\u00fcrkiye ont sign\u00e9 plusieurs accords dans des domaines strat\u00e9giques pour les deux pays, tels que l\u2019\u00e9nergie, l\u2019agriculture et l\u2019industrie. Un protocole d\u2019amendement n\u00b01 au protocole de mise en \u0153uvre de l\u2019assistance en la mati\u00e8re, dat\u00e9 du 28 janvier 2020, a \u00e9galement \u00e9t\u00e9 sign\u00e9 entre les deux gouvernements, par le ministre des Forces arm\u00e9es, Birame Diop, et son homologue turc.<\/p>\n\n\n\n<p>Dans son discours, le pr\u00e9sident turc Recep Tayyip Erdogan a d\u00e9clar\u00e9 : \u00ab C\u2019est un grand plaisir d\u2019accueillir le Premier ministre du S\u00e9n\u00e9gal, un pays qui joue un r\u00f4le cl\u00e9 sur le continent africain \u00bb. Selon lui, \u00ables accords sign\u00e9s aujourd\u2019hui permettront de renforcer encore davantage la coop\u00e9ration entre nos deux pays\u00bb. Il a exprim\u00e9 sa volont\u00e9 de porter le volume des \u00e9changes commerciaux entre les deux pays \u00e0 environ 1 milliard de dollars \u2013 soit un peu plus de 560 milliards de Fcfa par an, dans une premi\u00e8re phase. \u00abLes entreprises turques ont d\u00e9j\u00e0 men\u00e9 \u00e0 bien de nombreux projets contribuant aux objectifs de d\u00e9veloppement du S\u00e9n\u00e9gal. Dans le cadre du programme Vision S\u00e9n\u00e9gal 2050, nous sommes pr\u00eats \u00e0 partager l\u2019exp\u00e9rience de nos entreprises avec nos amis s\u00e9n\u00e9galais dans le cadre du Programme national de transformation\u00bb, a assur\u00e9 Recep Tayyip Erdogan.<\/p>\n\n\n\n<p>Hisser les \u00e9changes \u00e0 1 milliard de dollars \u00c0 son tour, le Premier ministre Ousmane Sonko, a transmis les salutations du pr\u00e9sident Bassirou Diomaye Faye \u00e0 son homologue turc. Il a salu\u00e9 les efforts de la T\u00fcrkiye en mati\u00e8re de d\u00e9veloppement \u00e9conomique. \u00ab Vous nous inspirez. Nous avons des relations solides, chaleureuses et fraternelles \u00bb, a d\u00e9clar\u00e9 M. Sonko, pour qui les deux pays partagent les m\u00eames valeurs et une histoire similaire en mati\u00e8re de d\u00e9fis culturels.<\/p>\n\n\n\n<p>Il a affirm\u00e9 que le S\u00e9n\u00e9gal, sous la pr\u00e9sidence de Bassirou Diomaye Faye, souhaite plus que jamais faire de la T\u00fcrkiye un partenaire strat\u00e9gique. S\u2019exprimant sur l\u2019objectif exprim\u00e9 par M. Erdogan de porter les \u00e9changes \u00e0 environ 1 milliard de dollars (soit plus de 562 milliards de FCfa, contre 249,1 milliards en 2024), le Premier ministre a salu\u00e9 cette ambition, qui vise \u00e0 dynamiser la coop\u00e9ration bilat\u00e9rale.<\/p>\n\n\n\n<p>Il a \u00e9galement pr\u00e9cis\u00e9 que le S\u00e9n\u00e9gal cherche \u00e0 instaurer une coop\u00e9ration \u00e9quilibr\u00e9e et d\u00e9complex\u00e9e, fond\u00e9e sur des partenariats mutuellement respectueux, et non sur des rapports de domination. \u00ab Ceux qui n\u2019ont pas encore compris cela l\u2019apprendront \u00e0 leurs d\u00e9pens. L\u2019illusion de puissance peut amener certains \u00e0 croire qu\u2019ils peuvent appuyer sur un bouton pour que le monde entier suive. Ce temps est r\u00e9volu. Chaque pays est aujourd\u2019hui fier de sa souverainet\u00e9 et de son ind\u00e9pendance. Nous sommes heureux de constater que la T\u00fcrkiye partage cette vision : elle aura toute sa place en Afrique de l\u2019Ouest, et particuli\u00e8rement au S\u00e9n\u00e9gal \u00bb, a affirm\u00e9 le Premier ministre s\u00e9n\u00e9galais.<\/p>\n\n\n\n<p>S\u2019agissant toujours des perspectives de coop\u00e9ration, M. Sonko a indiqu\u00e9 que le secteur de la d\u00e9fense est crucial dans le contexte r\u00e9gional actuel, marqu\u00e9 par l\u2019ins\u00e9curit\u00e9. Ankara, a-t-il soulign\u00e9, peut devenir un partenaire cl\u00e9 dans les domaines de l\u2019armement et de la d\u00e9fense. Auparavant, le pr\u00e9sident turc avait insist\u00e9 sur les discussions men\u00e9es autour de la s\u00e9curit\u00e9, de l\u2019industrie de d\u00e9fense et de la lutte contre le terrorisme : \u00ab Nous nous r\u00e9jouissons de l\u2019int\u00e9r\u00eat croissant de nos fr\u00e8res africains pour les produits de d\u00e9fense turcs \u00bb, a-t-il d\u00e9clar\u00e9.<\/p>\n\n\n\n<p>Le Premier ministre visite les entreprises de d\u00e9fense Aselsan et Havelsan \u00e0 Ankara\u2026 En visite officielle en Turquie, du 6 au 10 ao\u00fbt 2025, sur invitation du pr\u00e9sident turc Recep Tayyip Erdo\u011fan, le Premier ministre a exprim\u00e9 sa volont\u00e9 de renforcer la coop\u00e9ration dans le domaine de la d\u00e9fense avec le S\u00e9n\u00e9gal. Ousmane Sonko a visit\u00e9, ce jeudi 7 ao\u00fbt 2025, les sites des entreprises de d\u00e9fense Aselsan et Havelsan \u00e0 Ankara. Il \u00e9tait accompagn\u00e9 de Haluk G\u00f6rg\u00fcn, pr\u00e9sident de l\u2019Industrie de d\u00e9fense de la R\u00e9publique de Turquie.<\/p>\n\n\n\n<p>Selon la Primature du S\u00e9n\u00e9gal, M. Sonko a assist\u00e9 \u00e0 une pr\u00e9sentation des activit\u00e9s de ces deux entreprises, en pr\u00e9sence de sa d\u00e9l\u00e9gation. \u00ab D\u2019importants projets de coop\u00e9ration sont actuellement en discussion avec notre pays \u00bb, indique la m\u00eame source. Le Premier ministre a r\u00e9it\u00e9r\u00e9 la volont\u00e9 du S\u00e9n\u00e9gal de renforcer sa coop\u00e9ration avec la Turquie, notamment dans les domaines de l\u2019industrie et de la d\u00e9fense.<\/p>\n\n\n\n<p>Il a particuli\u00e8rement insist\u00e9 sur les enjeux du transfert de technologies et de la souverainet\u00e9 des donn\u00e9es, dans le cadre d\u2019un partenariat gagnant-gagnant puis re\u00e7u par le pr\u00e9sident de la Grande Assembl\u00e9e nationale de la R\u00e9publique de Turquie Invit\u00e9 par le pr\u00e9sident S.E.M. Recep Tayyip Erdo\u011fan, le Premier ministre Ousmane Sonko a \u00e9galement \u00e9t\u00e9 re\u00e7u en audience par M. Numan Kurtulmu\u015f, pr\u00e9sident de la Grande Assembl\u00e9e nationale de la R\u00e9publique de Turquie, ce jeudi 7 ao\u00fbt 2025.<\/p>\n\n\n\n<h3 class=\"wp-block-heading\">Solidarit\u00e9 avec la Palestine<\/h3>\n\n\n\n<p>Par ailleurs, les deux parties ont abord\u00e9 la question palestinienne, sur laquelle ils affichent une parfaite convergence de vues. \u00c0 ce sujet, Ousmane Sonko a d\u00e9nonc\u00e9 ce qu\u2019il qualifie de g\u00e9nocide contre le peuple palestinien, \u00e9voquant \u00ab une volont\u00e9 d\u2019accaparement de territoires entiers qui ne peut \u00eatre accept\u00e9e \u00bb. Il a rappel\u00e9 la position constante du S\u00e9n\u00e9gal, qui pr\u00e9side le Comit\u00e9 pour la d\u00e9fense des droits inali\u00e9nables du peuple palestinien. M. Sonko a regrett\u00e9 que ce qui se passe actuellement \u00e0 Gaza soit parrain\u00e9 par de grandes puissances.<\/p>\n\n\n\n<p>De son c\u00f4t\u00e9, le pr\u00e9sident Erdogan a d\u00e9clar\u00e9 : \u00ab La situation \u00e0 Gaza a \u00e9galement \u00e9t\u00e9 au c\u0153ur de nos \u00e9changes. La solidarit\u00e9 du S\u00e9n\u00e9gal avec le peuple palestinien est un exemple pour de nombreuses nations. Notre combat se poursuivra jusqu\u2019\u00e0 la fin du g\u00e9nocide \u00e0 Gaza, et jusqu\u2019\u00e0 ce que ceux qui affament et tuent des enfants innocents soient traduits en justice \u00bb. Il a conclu en affirmant : \u00ab Les auteurs de ces crimes r\u00e9pondront devant la loi et devant l\u2019Histoire, pour chaque enfant r\u00e9duit \u00e0 la peau sur les os par la faim. \u00bb Enfin, le pr\u00e9sident Erdogan a offert un d\u00eener officiel en l\u2019honneur du Premier ministre s\u00e9n\u00e9galais.<\/p>\n\n\n\n<p><strong>Oumar KANDE<\/strong><\/p>\n","protected":false},"excerpt":{"rendered":"<p>En visite officielle en T\u00fcrkiye, le Premier ministre Ousmane Sonko a \u00e9t\u00e9 re\u00e7u, hier jeudi, par le pr\u00e9sident turc Recep<\/p>\n","protected":false},"author":1,"featured_media":61173,"comment_status":"open","ping_status":"open","sticky":false,"template":"","format":"standard","meta":{"footnotes":""},"categories":[6],"tags":[],"class_list":["post-61172","post","type-post","status-publish","format-standard","has-post-thumbnail","hentry","category-politics"],"_links":{"self":[{"href":"https:\/\/dekkbi.com\/index.php?rest_route=\/wp\/v2\/posts\/61172","targetHints":{"allow":["GET"]}}],"collection":[{"href":"https:\/\/dekkbi.com\/index.php?rest_route=\/wp\/v2\/posts"}],"about":[{"href":"https:\/\/dekkbi.com\/index.php?rest_route=\/wp\/v2\/types\/post"}],"author":[{"embeddable":true,"href":"https:\/\/dekkbi.com\/index.php?rest_route=\/wp\/v2\/users\/1"}],"replies":[{"embeddable":true,"href":"https:\/\/dekkbi.com\/index.php?rest_route=%2Fwp%2Fv2%2Fcomments&post=61172"}],"version-history":[{"count":1,"href":"https:\/\/dekkbi.com\/index.php?rest_route=\/wp\/v2\/posts\/61172\/revisions"}],"predecessor-version":[{"id":61174,"href":"https:\/\/dekkbi.com\/index.php?rest_route=\/wp\/v2\/posts\/61172\/revisions\/61174"}],"wp:featuredmedia":[{"embeddable":true,"href":"https:\/\/dekkbi.com\/index.php?rest_route=\/wp\/v2\/media\/61173"}],"wp:attachment":[{"href":"https:\/\/dekkbi.com\/index.php?rest_route=%2Fwp%2Fv2%2Fmedia&parent=61172"}],"wp:term":[{"taxonomy":"category","embeddable":true,"href":"https:\/\/dekkbi.com\/index.php?rest_route=%2Fwp%2Fv2%2Fcategories&post=61172"},{"taxonomy":"post_tag","embeddable":true,"href":"https:\/\/dekkbi.com\/index.php?rest_route=%2Fwp%2Fv2%2Ftags&post=61172"}],"curies":[{"name":"wp","href":"https:\/\/api.w.org\/{rel}","templated":true}]}}