{"id":61167,"date":"2025-08-08T09:10:27","date_gmt":"2025-08-08T09:10:27","guid":{"rendered":"https:\/\/dekkbi.com\/?p=61167"},"modified":"2025-08-08T09:27:26","modified_gmt":"2025-08-08T09:27:26","slug":"la-turquie-est-une-source-dinspiration-pour-certains-pays-dont-le-senegal-selon-ousmane-sonko","status":"publish","type":"post","link":"https:\/\/dekkbi.com\/?p=61167","title":{"rendered":"La Turquie est une source d\u2019inspiration pour certains pays, dont le S\u00e9n\u00e9gal, selon Ousmane Sonko"},"content":{"rendered":"\n<p>Ankara,  (APS) \u2013 La Turquie peut \u00eatre consid\u00e9r\u00e9e comme une source d\u2019inspiration pour certains pays dont le S\u00e9n\u00e9gal, en raison de son histoire et de ses rapports actuels avec le reste du monde, a dit le Premier ministre s\u00e9n\u00e9galais, Ousmane Sonko, jeudi, \u00e0 Ankara.<\/p>\n\n\n\n<p>\u2018\u2019La Turquie est un exemple pour des nations comme le S\u00e9n\u00e9gal, en ce qui concerne l\u2019appropriation de son histoire et ses combats \u00e9conomiques r\u00e9cents\u2019\u2019, a affirm\u00e9 M. Sonko lors d\u2019une rencontre avec le pr\u00e9sident de la Grande Assembl\u00e9e nationale de la Turquie, Numan Kurtulmus.<\/p>\n\n\n\n<p>Son s\u00e9jour en Turquie fait partie d\u2019une s\u00e9rie de visites officielles qu\u2019il effectue dans des \u2018\u2019pays amis et strat\u00e9giques pour le S\u00e9n\u00e9gal\u2019\u2019, a-t-il dit.<\/p>\n\n\n\n<p>La Turquie actuelle, h\u00e9riti\u00e8re de l\u2019Empire ottoman et \u00e0 cheval sur l\u2019Europe et l\u2019Asie, a \u00e9t\u00e9 fond\u00e9e par Mustafa Kemal Atat\u00fcrk (1881-1938), homme d\u2019\u00c9tat et ancien pr\u00e9sident du pays, \u00e9lev\u00e9 par ses compatriotes au rang de h\u00e9ros national.<\/p>\n\n\n\n<p>Numan Kurtulmus estime que les pays africains sont des partenaires \u00e9conomiques de premier plan pour la Turquie.<\/p>\n\n\n\n<p>Il estime que le S\u00e9n\u00e9gal est \u2018\u2019le fer de lance\u2019\u2019 de la diplomatie turque en Afrique de l\u2019Ouest.<\/p>\n\n\n\n<p>Pour sa visite officielle de cinq jours en Turquie, Ousmane Sonko est accompagn\u00e9 de plusieurs personnalit\u00e9s, dont les ministres de l\u2019Int\u00e9gration africaine et des Affaires \u00e9trang\u00e8res, Yassine Fall, de l\u2019\u00c9conomie, du Plan et de la Coop\u00e9ration, Abdourahmane Sarr, de l\u2019Industrie et du Commerce, Serigne Gu\u00e8ye Diop.<\/p>\n\n\n\n<p>Le ministre de l\u2019\u00c9nergie, du P\u00e9trole et des Mines, Birame Souleye Diop, celui de l\u2019Agriculture, de la Souverainet\u00e9 alimentaire et de l\u2019\u00c9levage, Mabouba Diagne, et leur coll\u00e8gue charg\u00e9 des Forces arm\u00e9es, Birame Diop, prennent \u00e9galement part \u00e0 cette visite.<\/p>\n\n\n\n<p>Arriv\u00e9 \u00e0 Ankara, la capitale, mercredi, \u00e0 l\u2019invitation du pr\u00e9sident turc, Recep Tayyip Erdogan, M. Sonko est all\u00e9 se recueillir, jeudi, sur le mausol\u00e9e de Mustafa Kemal Atat\u00fcrk, le premier pr\u00e9sident de la Turquie moderne.<\/p>\n\n\n\n<p>Dans l\u2019apr\u00e8s-midi, le chef du gouvernement s\u00e9n\u00e9galais a rendu visite \u00e0 Recep Tayyip Erdogan. Avec lui, il a eu un t\u00eate-\u00e0-t\u00eate de plusieurs heures au terme duquel des accords ont \u00e9t\u00e9 sign\u00e9s par les deux pays, dans les domaines de l\u2019agriculture, de l\u2019\u00e9nergie, etc.<\/p>\n\n\n\n<figure class=\"wp-block-image\"><img decoding=\"async\" src=\"https:\/\/aps.sn\/wp-content\/uploads\/2025\/08\/ousmanesonkoturquieune.webp\" alt=\"La Turquie est une source d\u2019inspiration pour certains pays, dont le S\u00e9n\u00e9gal, selon Ousmane Sonko\" class=\"wp-image-362496\"\/><\/figure>\n\n\n\n<p>ABB\/ESF\/HK<br>De l\u2019envoy\u00e9 sp\u00e9cial de l\u2019APS, Amadou Ba<\/p>\n","protected":false},"excerpt":{"rendered":"<p>Ankara, (APS) \u2013 La Turquie peut \u00eatre consid\u00e9r\u00e9e comme une source d\u2019inspiration pour certains pays dont le S\u00e9n\u00e9gal, en raison<\/p>\n","protected":false},"author":1,"featured_media":61168,"comment_status":"open","ping_status":"open","sticky":false,"template":"","format":"standard","meta":{"footnotes":""},"categories":[6],"tags":[],"class_list":["post-61167","post","type-post","status-publish","format-standard","has-post-thumbnail","hentry","category-politics"],"_links":{"self":[{"href":"https:\/\/dekkbi.com\/index.php?rest_route=\/wp\/v2\/posts\/61167","targetHints":{"allow":["GET"]}}],"collection":[{"href":"https:\/\/dekkbi.com\/index.php?rest_route=\/wp\/v2\/posts"}],"about":[{"href":"https:\/\/dekkbi.com\/index.php?rest_route=\/wp\/v2\/types\/post"}],"author":[{"embeddable":true,"href":"https:\/\/dekkbi.com\/index.php?rest_route=\/wp\/v2\/users\/1"}],"replies":[{"embeddable":true,"href":"https:\/\/dekkbi.com\/index.php?rest_route=%2Fwp%2Fv2%2Fcomments&post=61167"}],"version-history":[{"count":1,"href":"https:\/\/dekkbi.com\/index.php?rest_route=\/wp\/v2\/posts\/61167\/revisions"}],"predecessor-version":[{"id":61169,"href":"https:\/\/dekkbi.com\/index.php?rest_route=\/wp\/v2\/posts\/61167\/revisions\/61169"}],"wp:featuredmedia":[{"embeddable":true,"href":"https:\/\/dekkbi.com\/index.php?rest_route=\/wp\/v2\/media\/61168"}],"wp:attachment":[{"href":"https:\/\/dekkbi.com\/index.php?rest_route=%2Fwp%2Fv2%2Fmedia&parent=61167"}],"wp:term":[{"taxonomy":"category","embeddable":true,"href":"https:\/\/dekkbi.com\/index.php?rest_route=%2Fwp%2Fv2%2Fcategories&post=61167"},{"taxonomy":"post_tag","embeddable":true,"href":"https:\/\/dekkbi.com\/index.php?rest_route=%2Fwp%2Fv2%2Ftags&post=61167"}],"curies":[{"name":"wp","href":"https:\/\/api.w.org\/{rel}","templated":true}]}}