{"id":61131,"date":"2025-08-07T13:05:52","date_gmt":"2025-08-07T13:05:52","guid":{"rendered":"https:\/\/dekkbi.com\/?p=61131"},"modified":"2025-08-07T15:25:18","modified_gmt":"2025-08-07T15:25:18","slug":"soudan-un-centre-de-recherche-devoile-un-camp-militaire-des-fsr-en-territoire-libyen","status":"publish","type":"post","link":"https:\/\/dekkbi.com\/?p=61131","title":{"rendered":"Soudan: un centre de recherche d\u00e9voile un camp militaire des FSR en Libye"},"content":{"rendered":"\n<p>Un centre de recherche sp\u00e9cialis\u00e9 dans le num\u00e9rique et les sources ouvertes, The Center for Information Resilience (CIR), a publi\u00e9, jeudi 31 juillet, une enqu\u00eate qui permet d\u2019affirmer la pr\u00e9sence des combattants des Forces de soutien rapide (FSR), les paramilitaires soudanais, sur le sol du sud libyen. Ce territoire serait utilis\u00e9 comme arri\u00e8re-base pour leurs actions militaires au Darfour. S\u2019appuyant sur des images satellites, des vid\u00e9os, des photos publi\u00e9es par les combattants eux-m\u00eames, l\u2019enqu\u00eate a pu localiser avec pr\u00e9cision un camp militaire soudanais en plein d\u00e9sert libyen, pr\u00e8s d\u2019al-Koufra.<\/p>\n\n\n\n<p>L\u2019\u00e9tude intitul\u00e9e \u00ab\u00a0<strong><em>Comment nous avons trouv\u00e9 un camp militaire des RSF dans le d\u00e9sert libyen<\/em>\u00a0<\/strong>\u00bb, d\u00e9montre que les m\u00eames v\u00e9hicules identifi\u00e9s dans ce camp libyen ont \u00e9t\u00e9 rep\u00e9r\u00e9s plus tard \u00e0 el-Facher, dans le\u00a0<strong>camp de Zamzam<\/strong>, au nord du Darfour. Ce camp, th\u00e9\u00e2tre d\u2019un massacre, abritait uniquement des d\u00e9plac\u00e9s depuis avril dernier. Un lien direct est \u00e9galement \u00e9tabli entre ce site libyen et un haut commandant des FSR, pr\u00e9sent ensuite \u00e0 Zamzam.<\/p>\n\n\n\n<p>L\u2019enqu\u00eate met en lumi\u00e8re d\u2019imposants convois de v\u00e9hicules Toyota Land Cruiser \u00e9quip\u00e9s d\u2019armes vari\u00e9es, stationn\u00e9s \u00e0 diff\u00e9rents moments dans le d\u00e9sert. Ces v\u00e9hicules sont rassembl\u00e9s dans un camp naturel encercl\u00e9 de rochers, au sud de la Libye, avant d\u2019appara\u00eetre \u00e0 Zamzam.<\/p>\n\n\n\n<p>Selon nos informations, Zamzam sert aujourd\u2019hui de base \u00e0 des mercenaires colombiens, parmi d\u2019autres combattants \u00e9trangers, participant aux offensives contre el-Facher, capitale du nord-Darfour, encercl\u00e9e par les FSR depuis un an et demi.<\/p>\n\n\n\n<h2 class=\"wp-block-heading\">Uniformes, v\u00e9hicules, indices visuels: une signature FSR<\/h2>\n\n\n\n<p>Certaines vid\u00e9os montrent clairement les \u00e9cussons d\u2019\u00e9paule des FSR, ainsi que leurs tenues de camouflage. Les v\u00e9hicules, sans plaques d\u2019immatriculation, portent les m\u00eames caract\u00e9ristiques techniques : m\u00eame mod\u00e8le, m\u00eame armement, m\u00eames r\u00e9cipients d\u2019eau.&nbsp;Les v\u00e9hicules ne portent \u00e9videmment pas de plaques d&rsquo;immatriculation, mais des num\u00e9ros sont peints \u00e0 la bombe sur les capots et les porti\u00e8res.&nbsp;<\/p>\n\n\n\n<p>Autre indice : les couvertures de nuit utilis\u00e9es par les combattants sont de fabrication libyenne, comme l\u2019indique leur emballage en plastique.<\/p>\n\n\n\n<p>Selon l&rsquo;enqu\u00eate du CIR, certains de ces v\u00e9hicules r\u00e9apparaissent au Darfour et pr\u00e9cis\u00e9ment \u00e0 Zamzam.<\/p>\n\n\n\n<h2 class=\"wp-block-heading\">Les dirigeants des FSR se servent-ils du sud libyen comme base arri\u00e8re ?<\/h2>\n\n\n\n<p>L\u2019enqu\u00eate du CIR \u00e9tablit \u00e9galement la pr\u00e9sence du g\u00e9n\u00e9ral Hamdane al-Kajli, responsable de la s\u00e9curit\u00e9 d\u2019Abdul Rahim Hamdan Dagalo, num\u00e9ro deux des FSR. Il est visible \u00e0 plusieurs reprises, notamment \u00e0 bord d\u2019un v\u00e9hicule rep\u00e9r\u00e9 \u00e0 Zamzam en avril.<\/p>\n\n\n\n<p>Selon nos informations, ce haut grad\u00e9 a \u00e9t\u00e9 gri\u00e8vement bless\u00e9 pr\u00e8s d\u2019el-Facher d\u00e9but avril, alors qu\u2019il circulait dans un v\u00e9hicule blind\u00e9. Il a ensuite \u00e9t\u00e9 \u00e9vacu\u00e9 vers l\u2019h\u00f4pital turc de Nyala, au Darfour du sud, o\u00f9 sont soign\u00e9s les bless\u00e9s FSR. D&rsquo;autres hommes directement charg\u00e9s de la s\u00e9curit\u00e9 de Dagalo ont \u00e9t\u00e9 tu\u00e9s. Leurs photos ont \u00e9t\u00e9 r\u00e9v\u00e9l\u00e9es par les faire-parts de leurs familles ou par des compagnons d&rsquo;armes.&nbsp;<\/p>\n\n\n\n<h2 class=\"wp-block-heading\">Depuis Abu Dhabi vers le Darfour&nbsp;<em>via<\/em>&nbsp;la Libye<\/h2>\n\n\n\n<p>Toujours selon l\u2019enqu\u00eate du CIR, l\u2019\u00e9quipement militaire des FSR transite \u00e0 grande \u00e9chelle par la Libye. Ces accusations confirment les constats des experts de l\u2019ONU, qui d\u00e9non\u00e7aient d\u00e9j\u00e0 en 2024 des violations de l\u2019embargo sur les armes, en \u00e9voquant une route d\u2019approvisionnement depuis Abou Dhabi vers le Darfour&nbsp;<em>via<\/em>&nbsp;le Tchad, mais aussi&nbsp;<em>via<\/em>&nbsp;la Libye.<\/p>\n\n\n\n<p>En avril dernier, le secr\u00e9taire g\u00e9n\u00e9ral de l\u2019ONU, Antonio Guterres, s\u2019est alarm\u00e9 du flux continu d\u2019armes et de combattants vers le\u00a0<strong>Soudan<\/strong>, qualifiant cette guerre de \u00ab\u00a0<em>brutale<\/em>\u00a0\u00bb et appelant \u00e0 cesser tout soutien ext\u00e9rieur.<\/p>\n\n\n\n<p>En juin dernier, les FSR ont r\u00e9ussi \u00e0 prendre le contr\u00f4le du triangle frontalier situ\u00e9 \u00e0 l&rsquo;ouest-nord du pays et surplombant le Soudan, la Libye et l&rsquo;\u00c9gypte. Cette zone \u00ab&nbsp;<em>strat\u00e9gique<\/em>&nbsp;\u00bb selon eux, leur permet d\u00e9sormais d&rsquo;acheminer sans obstacle les aides logistiques depuis la Libye.&nbsp;<\/p>\n\n\n\n<p>Le mar\u00e9chal Khalifa Haftar, qui contr\u00f4le l&rsquo;est et le sud libyen, est, comme les paramilitaires soudanais, un alli\u00e9 des \u00c9mirats arabes unis, qui nie toujours son implication dans le conflit. &nbsp;<\/p>\n\n\n\n<p>Par : Houda Ibrahim &#8211; SOURCE RFI<\/p>\n","protected":false},"excerpt":{"rendered":"<p>Un centre de recherche sp\u00e9cialis\u00e9 dans le num\u00e9rique et les sources ouvertes, The Center for Information Resilience (CIR), a publi\u00e9,<\/p>\n","protected":false},"author":1,"featured_media":61132,"comment_status":"open","ping_status":"open","sticky":false,"template":"","format":"standard","meta":{"footnotes":""},"categories":[51],"tags":[],"class_list":["post-61131","post","type-post","status-publish","format-standard","has-post-thumbnail","hentry","category-general"],"_links":{"self":[{"href":"https:\/\/dekkbi.com\/index.php?rest_route=\/wp\/v2\/posts\/61131","targetHints":{"allow":["GET"]}}],"collection":[{"href":"https:\/\/dekkbi.com\/index.php?rest_route=\/wp\/v2\/posts"}],"about":[{"href":"https:\/\/dekkbi.com\/index.php?rest_route=\/wp\/v2\/types\/post"}],"author":[{"embeddable":true,"href":"https:\/\/dekkbi.com\/index.php?rest_route=\/wp\/v2\/users\/1"}],"replies":[{"embeddable":true,"href":"https:\/\/dekkbi.com\/index.php?rest_route=%2Fwp%2Fv2%2Fcomments&post=61131"}],"version-history":[{"count":2,"href":"https:\/\/dekkbi.com\/index.php?rest_route=\/wp\/v2\/posts\/61131\/revisions"}],"predecessor-version":[{"id":61145,"href":"https:\/\/dekkbi.com\/index.php?rest_route=\/wp\/v2\/posts\/61131\/revisions\/61145"}],"wp:featuredmedia":[{"embeddable":true,"href":"https:\/\/dekkbi.com\/index.php?rest_route=\/wp\/v2\/media\/61132"}],"wp:attachment":[{"href":"https:\/\/dekkbi.com\/index.php?rest_route=%2Fwp%2Fv2%2Fmedia&parent=61131"}],"wp:term":[{"taxonomy":"category","embeddable":true,"href":"https:\/\/dekkbi.com\/index.php?rest_route=%2Fwp%2Fv2%2Fcategories&post=61131"},{"taxonomy":"post_tag","embeddable":true,"href":"https:\/\/dekkbi.com\/index.php?rest_route=%2Fwp%2Fv2%2Ftags&post=61131"}],"curies":[{"name":"wp","href":"https:\/\/api.w.org\/{rel}","templated":true}]}}