{"id":6112,"date":"2023-01-10T11:00:17","date_gmt":"2023-01-10T11:00:17","guid":{"rendered":"https:\/\/dekkbi.com\/?p=6112"},"modified":"2023-01-10T11:39:40","modified_gmt":"2023-01-10T11:39:40","slug":"plainte-de-mame-mbaye-niang-pour-diffamation-ousmane-sonko-devant-le-juge-le-2-fevrier-prochain","status":"publish","type":"post","link":"https:\/\/dekkbi.com\/?p=6112","title":{"rendered":"Plainte de Mame Mbaye Niang pour diffamation : Ousmane Sonko devant le juge le 2 f\u00e9vrier prochain"},"content":{"rendered":"\n<h3 class=\"wp-block-heading\">Actuel ministre du Tourisme, Mame Mbaye Niang avait saisi le procureur d\u2019une plainte contre Ousmane Sonko, leader du Pastef, pour diffamation. Le ma\u00eetre des poursuites avait, \u00e0 son tour, remis le dossier \u00e0 la Division des investigations criminelles (Dic), pour une enqu\u00eate. \u00ab\u00a0emedia.sn\u00a0\u00bb<\/h3>\n\n\n\n<p>R\u00e9dig\u00e9 par leral.net le Lundi 9 Janvier 2023 \u00e0 18:47 | |&nbsp;<a href=\"https:\/\/www.leral.net\/Plainte-de-Mame-Mbaye-Niang-pour-diffamation-Ousmane-Sonko-devant-le-juge-le-2-fevrier-prochain_a342175.html?com#comments\">2<\/a>&nbsp;commentaire(s)|<\/p>\n\n\n\n<figure class=\"wp-block-image\"><a href=\"javascript:void(0)\"><img decoding=\"async\" src=\"https:\/\/www.leral.net\/photo\/art\/default\/70020897-48880702.jpg?v=1673288074\" alt=\"Plainte de Mame Mbaye Niang pour diffamation : Ousmane Sonko devant le juge le 2 f\u00e9vrier prochain\" title=\"Plainte de Mame Mbaye Niang pour diffamation : Ousmane Sonko devant le juge le 2 f\u00e9vrier prochain\"\/><\/a><\/figure>\n\n\n\n<p>https:\/\/www.facebook.com\/plugins\/like.php?href=https%3A%2F%2Fwww.leral.net%2FPlainte-de-Mame-Mbaye-Niang-pour-diffamation-Ousmane-Sonko-devant-le-juge-le-2-fevrier-prochain_a342175.html&#038;layout=box_count&#038;show_faces=false&#038;width=100&#038;action=like&#038;colorscheme=lighthttps:\/\/platform.twitter.com\/widgets\/tweet_button.html?url=http%3A%2F%2Fxfru.it%2FEDeLmG&#038;counturl=https%3A%2F%2Fwww.leral.net%2FPlainte-de-Mame-Mbaye-Niang-pour-diffamation-Ousmane-Sonko-devant-le-juge-le-2-fevrier-prochain_a342175.html&#038;text=Plainte%20de%20Mame%20Mbaye%20Niang%20pour%20diffamation%20%3A%20Ousmane%20Sonko%20devant%20le%20juge%20le%202%20f%C3%A9vrier%20prochain&#038;count=vertical<\/p>\n\n\n\n<figure class=\"wp-block-image\"><a href=\"https:\/\/www.leral.net\/ads\/210301\/\" target=\"_blank\" rel=\"noreferrer noopener\"><img decoding=\"async\" src=\"https:\/\/www.leral.net\/photo\/regiepub.jpg?v=1669916048\" alt=\"\"\/><\/a><\/figure>\n\n\n\n<p>Selon la proc\u00e9dure, une convocation a \u00e9t\u00e9 envoy\u00e9e \u00e0 Ousmane Sonko. Ainsi, notre source r\u00e9v\u00e8le que Ousmane Sonko sera devant le juge le 2 f\u00e9vrier prochain.<\/p>\n\n\n\n<p>Selon Mame Mbaye Niang, le leader de Pastef a port\u00e9 de \u00ab&nbsp;<em>fausses all\u00e9gations&nbsp;<\/em>\u00bb sur sa personne, en affirmant qu\u2019il a \u00e9t\u00e9 \u00e9pingl\u00e9 par le rapport de l\u2019Inspection g\u00e9n\u00e9rale d\u2019\u00c9tat (IGE), suite \u00e0 la passation de march\u00e9 au Prodac alors qu\u2019il \u00e9tait ministre de la Jeunesse.<\/p>\n\n\n\n<p>https:\/\/googleads.g.doubleclick.net\/pagead\/ads?client=ca-pub-8327310497401434&#038;output=html&#038;h=280&#038;adk=3297276951&#038;adf=2655356913&#038;pi=t.aa~a.1134963687~i.6~rp.1&#038;w=668&#038;fwrn=4&#038;fwrnh=100&#038;lmt=1673347696&#038;num_ads=1&#038;rafmt=1&#038;armr=3&#038;sem=mc&#038;pwprc=4754385733&#038;ad_type=text_image&#038;format=668&#215;280&#038;url=https%3A%2F%2Fwww.leral.net%2FPlainte-de-Mame-Mbaye-Niang-pour-diffamation-Ousmane-Sonko-devant-le-juge-le-2-fevrier-prochain_a342175.html&#038;fwr=0&#038;pra=3&#038;rh=167&#038;rw=668&#038;rpe=1&#038;resp_fmts=3&#038;wgl=1&#038;fa=27&#038;uach=WyJXaW5kb3dzIiwiMTAuMC4wIiwieDg2IiwiIiwiMTA4LjAuNTM1OS4xMjUiLFtdLGZhbHNlLG51bGwsIjY0IixbWyJOb3Q_QV9CcmFuZCIsIjguMC4wLjAiXSxbIkNocm9taXVtIiwiMTA4LjAuNTM1OS4xMjUiXSxbIkdvb2dsZSBDaHJvbWUiLCIxMDguMC41MzU5LjEyNSJdXSxmYWxzZV0.&#038;dt=1673347696847&#038;bpp=8&#038;bdt=3864&#038;idt=8&#038;shv=r20230105&#038;mjsv=m202212050104&#038;ptt=9&#038;saldr=aa&#038;abxe=1&#038;cookie=ID%3D6a31d8ef654f8a24-22beda5a8cd600a7%3AT%3D1667380244%3ART%3D1667380244%3AS%3DALNI_Ma_uwvl3VmpM0IbVJLRW8kaGG27sw&#038;gpic=UID%3D000005d2768d6847%3AT%3D1651574175%3ART%3D1673345260%3AS%3DALNI_MZdhL1-8DCifFvNaNOICcxCrKsuLg&#038;prev_fmts=0x0%2C654x90&#038;nras=2&#038;correlator=672035323771&#038;frm=20&#038;pv=1&#038;ga_vid=102018152.1585474629&#038;ga_sid=1673347695&#038;ga_hid=1855014961&#038;ga_fc=1&#038;u_tz=0&#038;u_his=3&#038;u_h=409&#038;u_w=727&#038;u_ah=388&#038;u_aw=727&#038;u_cd=24&#038;u_sd=1.41&#038;dmc=4&#038;adx=3&#038;ady=1120&#038;biw=950&#038;bih=346&#038;scr_x=0&#038;scr_y=0&#038;eid=44759875%2C44759926%2C44759837%2C31071387%2C44779793&#038;oid=2&#038;pvsid=3328422626714873&#038;tmod=81181269&#038;uas=0&#038;nvt=1&#038;ref=https%3A%2F%2Fwww.leral.net%2F&#038;eae=0&#038;fc=1408&#038;brdim=0%2C0%2C0%2C0%2C727%2C0%2C738%2C392%2C972%2C368&#038;vis=1&#038;rsz=%7C%7Cs%7C&#038;abl=NS&#038;fu=1152&#038;bc=31&#038;ifi=3&#038;uci=a!3&#038;btvi=1&#038;fsb=1&#038;xpc=8uIHGV4yjy&#038;p=https%3A\/\/www.leral.net&#038;dtd=66<\/p>\n\n\n\n<p>\u00ab&nbsp;<em>Moi, Mame Mbaye Niang, citoyen s\u00e9n\u00e9galais, en appelle \u00e0 sa dignit\u00e9 ou tout au moins pour ce qui lui en reste, pour aller sans bruit, ni point de presse, ni incitation \u00e0 un \u00ab\u00a0Mortal Kombat\u00a0\u00bb, produire devant la justice, le rapport de l\u2019IGE qu\u2019il dit d\u00e9tenir depuis fort longtemps et qu\u2019il a gard\u00e9 minutieusement<\/em>&nbsp;\u00bb, a-t-il d\u00e9clar\u00e9 lors d\u2019un point de presse.<br><\/p>\n\n\n\n<p><a href=\"https:\/\/www.leral.net\/author\/Fata-Michel-Dieye\/\">MD<\/a><\/p>\n","protected":false},"excerpt":{"rendered":"<p>Actuel ministre du Tourisme, Mame Mbaye Niang avait saisi le procureur d\u2019une plainte contre Ousmane Sonko, leader du Pastef, pour<\/p>\n","protected":false},"author":1,"featured_media":6113,"comment_status":"open","ping_status":"open","sticky":false,"template":"","format":"standard","meta":{"footnotes":""},"categories":[21],"tags":[],"class_list":["post-6112","post","type-post","status-publish","format-standard","has-post-thumbnail","hentry","category-societe"],"_links":{"self":[{"href":"https:\/\/dekkbi.com\/index.php?rest_route=\/wp\/v2\/posts\/6112","targetHints":{"allow":["GET"]}}],"collection":[{"href":"https:\/\/dekkbi.com\/index.php?rest_route=\/wp\/v2\/posts"}],"about":[{"href":"https:\/\/dekkbi.com\/index.php?rest_route=\/wp\/v2\/types\/post"}],"author":[{"embeddable":true,"href":"https:\/\/dekkbi.com\/index.php?rest_route=\/wp\/v2\/users\/1"}],"replies":[{"embeddable":true,"href":"https:\/\/dekkbi.com\/index.php?rest_route=%2Fwp%2Fv2%2Fcomments&post=6112"}],"version-history":[{"count":1,"href":"https:\/\/dekkbi.com\/index.php?rest_route=\/wp\/v2\/posts\/6112\/revisions"}],"predecessor-version":[{"id":6114,"href":"https:\/\/dekkbi.com\/index.php?rest_route=\/wp\/v2\/posts\/6112\/revisions\/6114"}],"wp:featuredmedia":[{"embeddable":true,"href":"https:\/\/dekkbi.com\/index.php?rest_route=\/wp\/v2\/media\/6113"}],"wp:attachment":[{"href":"https:\/\/dekkbi.com\/index.php?rest_route=%2Fwp%2Fv2%2Fmedia&parent=6112"}],"wp:term":[{"taxonomy":"category","embeddable":true,"href":"https:\/\/dekkbi.com\/index.php?rest_route=%2Fwp%2Fv2%2Fcategories&post=6112"},{"taxonomy":"post_tag","embeddable":true,"href":"https:\/\/dekkbi.com\/index.php?rest_route=%2Fwp%2Fv2%2Ftags&post=6112"}],"curies":[{"name":"wp","href":"https:\/\/api.w.org\/{rel}","templated":true}]}}