{"id":61102,"date":"2025-08-07T10:28:12","date_gmt":"2025-08-07T10:28:12","guid":{"rendered":"https:\/\/dekkbi.com\/?p=61102"},"modified":"2025-08-07T12:56:20","modified_gmt":"2025-08-07T12:56:20","slug":"salon-international-de-linvestissement-de-la-diaspora-africaine-investir-autrement-dans-lagriculture-et-lhabitat","status":"publish","type":"post","link":"https:\/\/dekkbi.com\/?p=61102","title":{"rendered":"Salon international de l\u2019investissement de la diaspora africaine"},"content":{"rendered":"\n<p><strong>La c\u00e9r\u00e9monie de lancement de la 1<sup>\u00e8re<\/sup>&nbsp;\u00e9dition du&nbsp; Salon International de l\u2019Investissement de la Diaspora Africaine ( SIDIA) sur l\u2019agriculture et l\u2019habitat s\u2019est&nbsp; tenue hier, mercredi 6 ao\u00fbt \u00e0 la&nbsp; sph\u00e8re minist\u00e9rielle Habib Thiam de Diamniadio. Le SIDIA vise une mobilisation des acteurs \u00e9tatiques, le secteur priv\u00e9 local autour des d\u00e9fis et enjeux de financements du logement.<\/strong><\/p>\n\n\n\n<p>La premi\u00e8re \u00e9dition du Salon International de l\u2019Investissement de la Diaspora Africaine (SIDIA), pr\u00e9vu \u00e0 Gen\u00e8ve les 26, 27 et 28 septembre 2025 a \u00e9t\u00e9 lanc\u00e9e hier, mercredi 6 ao\u00fbt \u00e0 Diamniadio. Le SIDIA, ax\u00e9 principalement sur l\u2019agriculture et l\u2019habitat, vise \u00e0 f\u00e9d\u00e9rer les acteurs de l\u2019\u00c9tat, la diaspora africaine et les partenaires priv\u00e9s pour relever les d\u00e9fis de financement, de transformation urbaine et d\u2019am\u00e9nagement du territoire.<\/p>\n\n\n\n<p>Selon le directeur g\u00e9n\u00e9ral de la Construction et de l\u2019Habitat Moussa Tine, &nbsp;ce salon est \u00ab pens\u00e9 comme un levier de transformation \u00e9conomique, en lien avec les projets structurants port\u00e9s par l\u2019\u00c9tat et ses partenaires \u00bb. Le SIDIA r\u00e9unit les minist\u00e8res de l\u2019Urbanisme, de l\u2019Industrie, du Commerce et de l\u2019Agriculture autour d\u2019un objectif commun : faire du S\u00e9n\u00e9gal un p\u00f4le d\u2019investissement souverain, durable et attractif. \u00ab Chaque logement livr\u00e9, chaque b\u00e2timent construit, chaque quartier r\u00e9am\u00e9nag\u00e9 doit \u00eatre vu comme un actif \u00e9conomique, un investissement, et non une d\u00e9pense \u00bb, a-t-il indiqu\u00e9.<\/p>\n\n\n\n<p>Con\u00e7u comme une plateforme strat\u00e9gique, le SIDIA ambitionne de canaliser des investissements concrets en connectant des porteurs de projets s\u00e9n\u00e9galais, des collectivit\u00e9s territoriales, des promoteurs immobiliers, des industriels et des repr\u00e9sentants de la diaspora. \u00c0 travers des conf\u00e9rences, des expositions et des espaces de networking cibl\u00e9s, l\u2019\u00e9v\u00e9nement vise \u00e0 cr\u00e9er des passerelles efficaces entre projets matures et partenaires financiers. Face aux limites du financement public, le gouvernement promeut une approche bas\u00e9e sur l\u2019investissement productif, mettant l\u2019accent sur la rentabilit\u00e9, l\u2019impact social et la transformation locale. Le SIDIA s\u2019inscrit ainsi dans une logique de partenariats public-priv\u00e9 et de mobilisation des ressources de la diaspora pour soutenir des projets structurants, tels que le d\u00e9veloppement du p\u00f4le urbain de Diamniadio, qui int\u00e8gre des initiatives comme le Parc Technologique Num\u00e9rique et des infrastructures modernes pour l\u2019habitat et l\u2019industrie.<\/p>\n\n\n\n<p><strong>NDEYE AMINATA CISSE<\/strong><\/p>\n","protected":false},"excerpt":{"rendered":"<p>La c\u00e9r\u00e9monie de lancement de la 1\u00e8re&nbsp;\u00e9dition du&nbsp; Salon International de l\u2019Investissement de la Diaspora Africaine ( SIDIA) sur l\u2019agriculture<\/p>\n","protected":false},"author":1,"featured_media":61103,"comment_status":"open","ping_status":"open","sticky":false,"template":"","format":"standard","meta":{"footnotes":""},"categories":[3],"tags":[],"class_list":["post-61102","post","type-post","status-publish","format-standard","has-post-thumbnail","hentry","category-event-more-news"],"_links":{"self":[{"href":"https:\/\/dekkbi.com\/index.php?rest_route=\/wp\/v2\/posts\/61102","targetHints":{"allow":["GET"]}}],"collection":[{"href":"https:\/\/dekkbi.com\/index.php?rest_route=\/wp\/v2\/posts"}],"about":[{"href":"https:\/\/dekkbi.com\/index.php?rest_route=\/wp\/v2\/types\/post"}],"author":[{"embeddable":true,"href":"https:\/\/dekkbi.com\/index.php?rest_route=\/wp\/v2\/users\/1"}],"replies":[{"embeddable":true,"href":"https:\/\/dekkbi.com\/index.php?rest_route=%2Fwp%2Fv2%2Fcomments&post=61102"}],"version-history":[{"count":4,"href":"https:\/\/dekkbi.com\/index.php?rest_route=\/wp\/v2\/posts\/61102\/revisions"}],"predecessor-version":[{"id":61128,"href":"https:\/\/dekkbi.com\/index.php?rest_route=\/wp\/v2\/posts\/61102\/revisions\/61128"}],"wp:featuredmedia":[{"embeddable":true,"href":"https:\/\/dekkbi.com\/index.php?rest_route=\/wp\/v2\/media\/61103"}],"wp:attachment":[{"href":"https:\/\/dekkbi.com\/index.php?rest_route=%2Fwp%2Fv2%2Fmedia&parent=61102"}],"wp:term":[{"taxonomy":"category","embeddable":true,"href":"https:\/\/dekkbi.com\/index.php?rest_route=%2Fwp%2Fv2%2Fcategories&post=61102"},{"taxonomy":"post_tag","embeddable":true,"href":"https:\/\/dekkbi.com\/index.php?rest_route=%2Fwp%2Fv2%2Ftags&post=61102"}],"curies":[{"name":"wp","href":"https:\/\/api.w.org\/{rel}","templated":true}]}}