{"id":61095,"date":"2025-08-07T10:21:46","date_gmt":"2025-08-07T10:21:46","guid":{"rendered":"https:\/\/dekkbi.com\/?p=61095"},"modified":"2025-08-07T10:21:47","modified_gmt":"2025-08-07T10:21:47","slug":"matam-dix-huit-localites-se-mobilisent-pour-sensibiliser-sur-les-mutilations-genitales-feminines","status":"publish","type":"post","link":"https:\/\/dekkbi.com\/?p=61095","title":{"rendered":"Matam: dix huit localit\u00e9s se mobilisent pour sensibiliser sur les Mutilations g\u00e9nitales f\u00e9minines"},"content":{"rendered":"\n<p>Nawel (Matam),  (APS) \u2013 Des structures de protection de l\u2019enfance et l\u2019ONG Tostan ont initi\u00e9 plusieurs rencontres inter-villageoises pour sensibiliser sur les m\u00e9faits des mutilations g\u00e9nitales f\u00e9minines, dans le but de faire changer les comportements et la mentalit\u00e9 des populations au sujet notamment de l\u2019excision.<\/p>\n\n\n\n<p>D\u00e9marr\u00e9es le 1er ao\u00fbt dernier, ces rencontres d\u2019une dizaine de jours vont prendre fin dimanche, selon les initiateurs.<\/p>\n\n\n\n<p>Elles vont se tenir dans six villages, avec la participation d\u2019hommes et femmes issus de 18 localit\u00e9s environnantes, en majorit\u00e9 situ\u00e9es dans la zone du Dand\u00e9 Mayo.<\/p>\n\n\n\n<p>\u201cC\u2019est un plan d\u2019actions qui a \u00e9t\u00e9 \u00e9labor\u00e9 au cours des rencontres p\u00e9riodiques, \u00e0 l\u2019issue desquelles des fonds ont \u00e9t\u00e9 lib\u00e9r\u00e9s par le Fonds des Nations unies pour l\u2019enfance (UNICEF) pour sensibiliser sur les m\u00e9faits des mutilations g\u00e9nitales f\u00e9minines.&nbsp; Tostan a de son c\u00f4t\u00e9 h\u00e9rit\u00e9 du volet mobilisation sociale et sensibilisation\u201d, a d\u00e9clar\u00e9 Sidy Oumar Sall, agent de Tostan.<\/p>\n\n\n\n<p>Il intervenait mercredi \u00e0 l\u2019occasion de la rencontre organis\u00e9e \u00e0 Nawel, dans la commune de Matam.<\/p>\n\n\n\n<p>M. Sall, un des animateurs de ces activit\u00e9s, a pr\u00e9cis\u00e9 que l\u2019objectif est de \u201cconscientiser et de sensibiliser sur les m\u00e9faits des mutilations g\u00e9nitales f\u00e9minines car il y a des pratiques qui se font par ignorance et qui sont li\u00e9es \u00e0 la culture et \u00e0 la religion\u201d.<\/p>\n\n\n\n<p>Sidy Oumar Sall a \u00e9voqu\u00e9 des \u201dnormes sociales tr\u00e8s ancr\u00e9es\u201d dans le v\u00e9cu quotidien des communaut\u00e9s pour souligner la difficult\u00e9 du travail de sensibilisation sur les mutilations g\u00e9nitales f\u00e9minines.<\/p>\n\n\n\n<p>\u201cCes rencontres sont organis\u00e9es dans le but de pousser les populations \u00e0 changer de comportement et de mentalit\u00e9 face \u00e0 certaines pratiques qui sont en train de tuer des filles dans le mutisme absolu\u201d, a-t-il lanc\u00e9, en pr\u00e9sence de l\u2019infirmi\u00e8re chef de poste et de la sage-femme de Nawel.<\/p>\n\n\n\n<p>Dans le cadre de ces rencontres, les femmes qui sont au devant de ces pratiques \u201dsont des cibles primaires et secondaires\u201d, a-t-il ajout\u00e9.<\/p>\n\n\n\n<p>Apr\u00e8s Tigu\u00e9r\u00e9, Thiofol, Diamel et Nawel, les villages de Ndiakiri et Bassoudji vont abriter les rencontres inter villageoises d\u2019ici dimanche.<\/p>\n\n\n\n<p>AT\/SKS\/MTN<\/p>\n","protected":false},"excerpt":{"rendered":"<p>Nawel (Matam), (APS) \u2013 Des structures de protection de l\u2019enfance et l\u2019ONG Tostan ont initi\u00e9 plusieurs rencontres inter-villageoises pour sensibiliser<\/p>\n","protected":false},"author":1,"featured_media":61096,"comment_status":"open","ping_status":"open","sticky":false,"template":"","format":"standard","meta":{"footnotes":""},"categories":[26],"tags":[],"class_list":["post-61095","post","type-post","status-publish","format-standard","has-post-thumbnail","hentry","category-fait-divers"],"_links":{"self":[{"href":"https:\/\/dekkbi.com\/index.php?rest_route=\/wp\/v2\/posts\/61095","targetHints":{"allow":["GET"]}}],"collection":[{"href":"https:\/\/dekkbi.com\/index.php?rest_route=\/wp\/v2\/posts"}],"about":[{"href":"https:\/\/dekkbi.com\/index.php?rest_route=\/wp\/v2\/types\/post"}],"author":[{"embeddable":true,"href":"https:\/\/dekkbi.com\/index.php?rest_route=\/wp\/v2\/users\/1"}],"replies":[{"embeddable":true,"href":"https:\/\/dekkbi.com\/index.php?rest_route=%2Fwp%2Fv2%2Fcomments&post=61095"}],"version-history":[{"count":1,"href":"https:\/\/dekkbi.com\/index.php?rest_route=\/wp\/v2\/posts\/61095\/revisions"}],"predecessor-version":[{"id":61097,"href":"https:\/\/dekkbi.com\/index.php?rest_route=\/wp\/v2\/posts\/61095\/revisions\/61097"}],"wp:featuredmedia":[{"embeddable":true,"href":"https:\/\/dekkbi.com\/index.php?rest_route=\/wp\/v2\/media\/61096"}],"wp:attachment":[{"href":"https:\/\/dekkbi.com\/index.php?rest_route=%2Fwp%2Fv2%2Fmedia&parent=61095"}],"wp:term":[{"taxonomy":"category","embeddable":true,"href":"https:\/\/dekkbi.com\/index.php?rest_route=%2Fwp%2Fv2%2Fcategories&post=61095"},{"taxonomy":"post_tag","embeddable":true,"href":"https:\/\/dekkbi.com\/index.php?rest_route=%2Fwp%2Fv2%2Ftags&post=61095"}],"curies":[{"name":"wp","href":"https:\/\/api.w.org\/{rel}","templated":true}]}}