{"id":61079,"date":"2025-08-07T10:02:20","date_gmt":"2025-08-07T10:02:20","guid":{"rendered":"https:\/\/dekkbi.com\/?p=61079"},"modified":"2025-08-07T11:37:31","modified_gmt":"2025-08-07T11:37:31","slug":"les-travailleurs-de-la-justice-suspendent-leur-mot-dordre-pour-donner-une-chance-reelle-aux-negociations-avec-le-gouvernement-communique","status":"publish","type":"post","link":"https:\/\/dekkbi.com\/?p=61079","title":{"rendered":"Les travailleurs de la justice suspendent leur mot d\u2019ordre pour donner une \u201cchance r\u00e9elle\u201d aux n\u00e9gociations avec le gouvernement (communiqu\u00e9)"},"content":{"rendered":"\n<p>Dakar,  (APS) \u2013 Le Syndicat des travailleurs de la justice (SYTJUST) et l\u2019Union nationale des travailleurs de la justice (UNTJ) ont annonc\u00e9, mercredi, dans la soir\u00e9e, avoir suspendu leur mot d\u2019ordre de gr\u00e8ve pour donner une \u201dchance r\u00e9elle\u201d aux n\u00e9gociations avec le gouvernement.<\/p>\n\n\n\n<p>\u201dL\u2019Entente SYTJUST-UNTJ informe l\u2019opinion publique qu\u2019elle a d\u00e9cid\u00e9, ce mercredi 6 ao\u00fbt 2025, de suspendre le mot d\u2019ordre de gr\u00e8ve d\u00e9cr\u00e9t\u00e9 depuis le 18 juin 2025, afin de donner une chance r\u00e9elle aux n\u00e9gociations entam\u00e9es avec le gouvernement\u201d, indique un communiqu\u00e9 des deux syndicats.<\/p>\n\n\n\n<p>La m\u00eame source souligne que cette d\u00e9cision fait suite aux discussions \u201dconstructives\u201d que les syndicalistes ont eues avec le ministre de la Fonction publique, les vendredi 1<sup>er<\/sup>&nbsp;et mardi 5 ao\u00fbt 2025.<\/p>\n\n\n\n<p>\u201dCes \u00e9changes, empreints d\u2019une dynamique d\u2019apaisement, ont d\u00e9j\u00e0 permis une pause les lundi 4 et mardi 5 ao\u00fbt 2025, facilitant temporairement l\u2019acc\u00e8s des justiciables et des usagers au service public de la Justice\u201d, rel\u00e8vent les syndicalistes.<\/p>\n\n\n\n<p>Par cons\u00e9quent, les travailleurs de la justice, \u201ddans un esprit de responsabilit\u00e9 et d\u2019ouverture\u201d, ont exprim\u00e9 leur volont\u00e9 d\u2019apaiser la situation, \u201dconscients du d\u00e9sarroi profond\u201d des populations priv\u00e9es du service public de la justice durant quarante-cinq jours.<\/p>\n\n\n\n<p>Selon l\u2019Entente SYTJUST-UNTJ, \u201dcette \u00e9coute solidaire des souffrances de leurs concitoyens a \u00e9t\u00e9 d\u00e9terminante dans la d\u00e9cision de suspendre le mot d\u2019ordre de gr\u00e8ve \u00e0 la premi\u00e8re occasion favorable\u201d.<\/p>\n\n\n\n<p>Les deux entit\u00e9s syndicales ont, toutefois, pris \u00e0 t\u00e9moin l\u2019opinion publique sur les \u201dmultiples injustices\u201d subies par leurs membres qui, au quotidien, \u201dportent \u00e0 bout de bras le service public de la Justice au service du peuple s\u00e9n\u00e9galais\u201d.<\/p>\n\n\n\n<p>Ces piliers essentiels de notre syst\u00e8me judiciaire, ajoute le communiqu\u00e9, \u201dm\u00e9ritent d\u2019\u00eatre plac\u00e9s au c\u0153ur des r\u00e9formes engag\u00e9es au minist\u00e8re de la Justice\u201d.<\/p>\n\n\n\n<p>Les travailleurs de la justice appellent l\u2019Etat \u00e0 une \u201dprise en charge s\u00e9rieuse de leurs pr\u00e9occupations l\u00e9gitimes et&nbsp; indispensables pour pr\u00e9server durablement le service public de la Justice des perturbations li\u00e9es aux gr\u00e8ves cycliques\u201d.<\/p>\n\n\n\n<p>Ils consid\u00e8rent qu&rsquo;\u201dil appartient d\u00e9sormais au gouvernement de prendre ses responsabilit\u00e9s, en respectant l\u2019ensemble des engagements souscrits avec les syndicats membres de l\u2019Entente SYTJUST-UNTJ et en r\u00e9pondant de mani\u00e8re concr\u00e8te aux revendications l\u00e9gitimes des travailleurs de la Justice\u201d.<\/p>\n\n\n\n<p>Cette gr\u00e8ve des travailleurs de la justice, qui a d\u00e9marr\u00e9 le 18 juin dernier, a provoqu\u00e9 d\u2019\u00e9normes perturbations dans le service public de la Justice.<\/p>\n\n\n\n<p>Devant cette situation, le ministre de la Justice avait demand\u00e9, le 18 juillet dernier, aux chefs de juridictions et de parquets de r\u00e9quisitionner des greffiers et et autres agents pour assurer la continuit\u00e9 du service public.<\/p>\n\n\n\n<p>HK\/MTN<\/p>\n","protected":false},"excerpt":{"rendered":"<p>Dakar, (APS) \u2013 Le Syndicat des travailleurs de la justice (SYTJUST) et l\u2019Union nationale des travailleurs de la justice (UNTJ)<\/p>\n","protected":false},"author":1,"featured_media":8517,"comment_status":"open","ping_status":"open","sticky":false,"template":"","format":"standard","meta":{"footnotes":""},"categories":[21],"tags":[],"class_list":["post-61079","post","type-post","status-publish","format-standard","has-post-thumbnail","hentry","category-societe"],"_links":{"self":[{"href":"https:\/\/dekkbi.com\/index.php?rest_route=\/wp\/v2\/posts\/61079","targetHints":{"allow":["GET"]}}],"collection":[{"href":"https:\/\/dekkbi.com\/index.php?rest_route=\/wp\/v2\/posts"}],"about":[{"href":"https:\/\/dekkbi.com\/index.php?rest_route=\/wp\/v2\/types\/post"}],"author":[{"embeddable":true,"href":"https:\/\/dekkbi.com\/index.php?rest_route=\/wp\/v2\/users\/1"}],"replies":[{"embeddable":true,"href":"https:\/\/dekkbi.com\/index.php?rest_route=%2Fwp%2Fv2%2Fcomments&post=61079"}],"version-history":[{"count":1,"href":"https:\/\/dekkbi.com\/index.php?rest_route=\/wp\/v2\/posts\/61079\/revisions"}],"predecessor-version":[{"id":61080,"href":"https:\/\/dekkbi.com\/index.php?rest_route=\/wp\/v2\/posts\/61079\/revisions\/61080"}],"wp:featuredmedia":[{"embeddable":true,"href":"https:\/\/dekkbi.com\/index.php?rest_route=\/wp\/v2\/media\/8517"}],"wp:attachment":[{"href":"https:\/\/dekkbi.com\/index.php?rest_route=%2Fwp%2Fv2%2Fmedia&parent=61079"}],"wp:term":[{"taxonomy":"category","embeddable":true,"href":"https:\/\/dekkbi.com\/index.php?rest_route=%2Fwp%2Fv2%2Fcategories&post=61079"},{"taxonomy":"post_tag","embeddable":true,"href":"https:\/\/dekkbi.com\/index.php?rest_route=%2Fwp%2Fv2%2Ftags&post=61079"}],"curies":[{"name":"wp","href":"https:\/\/api.w.org\/{rel}","templated":true}]}}