{"id":61071,"date":"2025-08-07T09:52:59","date_gmt":"2025-08-07T09:52:59","guid":{"rendered":"https:\/\/dekkbi.com\/?p=61071"},"modified":"2025-08-07T10:00:26","modified_gmt":"2025-08-07T10:00:26","slug":"visite-officielle-du-premier-ministre-en-turkiye-poursuivre-une-cooperation-deja-dynamique","status":"publish","type":"post","link":"https:\/\/dekkbi.com\/?p=61071","title":{"rendered":"Visite officielle du premier ministre en T\u00fcrkiye : Poursuivre une coop\u00e9ration d\u00e9j\u00e0 dynamique"},"content":{"rendered":"\n<p><strong>Le Premier ministre Ousmane Sonko est en T\u00fcrkiye depuis hier, mercredi 6 ao\u00fbt, pour une visite officielle de cinq jours. Ce s\u00e9jour sera l\u2019occasion de poursuivre la bonne dynamique de coop\u00e9ration qui existe entre la T\u00fcrkiye et le S\u00e9n\u00e9gal depuis quelques ann\u00e9es.&nbsp;<\/strong><\/p>\n\n\n\n<p>Le Premier ministre Ousmane Sonko est arriv\u00e9 hier, mercredi 6 ao\u00fbt 2025, en T\u00fcrkiye. Il effectue une visite officielle dans ce pays du 6 au 10 du mois sur invitation du pr\u00e9sident turc Recep Tayyip Erdo\u011fan. D\u2019apr\u00e8s l\u2019agence turque d\u2019information Anadolu, tous les aspects des relations bilat\u00e9rales entre la T\u00fcrkiye et le S\u00e9n\u00e9gal seront pass\u00e9s en revue et les mesures visant \u00e0 approfondir davantage la coop\u00e9ration au niveau du partenariat strat\u00e9gique discut\u00e9es lors des pourparlers pr\u00e9vus le jeudi 7 ao\u00fbt.<\/p>\n\n\n\n<p>Suivant l\u2019agenda de la visite, aujourd\u2019hui, jeudi, le chef du gouvernement va se recueillir sur le mausol\u00e9e de l\u2019homme d\u2019\u00c9tat et ancien pr\u00e9sident turc Mustafa Kemal Atat\u00fcrk (1881-1938) \u00e0 Ankara. Dans l\u2019apr\u00e8s-midi, Ousmane Sonko sera re\u00e7u en audience par Numan Kurtulmus, pr\u00e9sident de la grande Assembl\u00e9e nationale de la T\u00fcrkiye, avant un t\u00eate-\u00e0-t\u00eate avec le pr\u00e9sident Recep Tayyip Erdo\u011fan. Le Premier ministre se rendra \u00e9galement \u00e0 Istanbul o\u00f9 il tiendra des r\u00e9unions de travail, des audiences avec des membres du patronat turc. Samedi, il va rencontrer la communaut\u00e9 s\u00e9n\u00e9galaise.<\/p>\n\n\n\n<p>Cette visite sera l\u2019occasion d\u2019insister sur une coop\u00e9ration qui a port\u00e9 ses fruits entre Dakar et Ankara. La T\u00fcrkiye et le S\u00e9n\u00e9gal entretiennent des relations de coop\u00e9ration anciennes et dynamiques. Les deux \u00c9tats ont c\u00e9l\u00e9br\u00e9, en 2012, le 50e anniversaire de l\u2019\u00e9tablissement de leurs relations diplomatiques. D\u00e8s 1964, la T\u00fcrkiye a ouvert une ambassade au S\u00e9n\u00e9gal, marquant sa premi\u00e8re repr\u00e9sentation en Afrique subsaharienne. Depuis 2006, notre pays dispose d\u2019une ambassade \u00e0 Ankara.<\/p>\n\n\n\n<h3 class=\"wp-block-heading\"><strong>Plus de 249 milliards de FCfa d\u2019\u00e9changes en 2024<\/strong><\/h3>\n\n\n\n<p>Les relations entre les deux pays ont connu un coup d\u2019acc\u00e9l\u00e9rateur ces derni\u00e8res ann\u00e9es. Pour preuve, les \u00e9changes commerciaux entre la T\u00fcrkiye et le S\u00e9n\u00e9gal ont atteint 249,1 milliards de FCfa en 2024, selon une note publi\u00e9e par le Bureau d\u2019Information et de Communication du Gouvernement (Bic-Gouv). Cela marque une reprise apr\u00e8s le repli observ\u00e9 en 2023 (185,3 milliards), sans toutefois retrouver le niveau record de 261 milliards enregistr\u00e9 en 2022.<\/p>\n\n\n\n<p>\u00ab Les exportations du S\u00e9n\u00e9gal vers la T\u00fcrkiye sont \u00e9valu\u00e9es \u00e0 10,2 milliards de FCfa en 2024, soit l\u00e9g\u00e8rement en hausse par rapport \u00e0 l\u2019ann\u00e9e pr\u00e9c\u00e9dente. Elles portent principalement sur des produits comme le poisson et les fruits de mer, les min\u00e9raux, les graines ol\u00e9agineuses, les fruits ainsi que le plomb non transform\u00e9 \u00bb, renseigne la m\u00eame source. La T\u00fcrkiye figure aussi parmi les principaux fournisseurs de notre pays avec 4,8 % des importations totales en 2024 ; ce qui repr\u00e9sente 239 milliards de FCfa, contre 176,1 milliards en 2023. Les nombreux d\u00e9placements des autorit\u00e9s supr\u00eames de part et d\u2019autre attestent aussi du dynamisme de la coop\u00e9ration entre les deux pays. Le pr\u00e9sident Recep Tayyip Erdo\u011fan est venu pas moins de cinq fois au S\u00e9n\u00e9gal depuis 2013. Quant au pr\u00e9sident Bassirou Diomaye Faye, il a effectu\u00e9 sa premi\u00e8re visite officielle en T\u00fcrkiye du 31 octobre au 2 novembre 2024.<\/p>\n\n\n\n<h3 class=\"wp-block-heading\"><strong>Diamniadio-Aibd<\/strong><\/h3>\n\n\n\n<p>Avec l\u2019appui de partenaires turcs, plusieurs projets structurants ont pu \u00eatre r\u00e9alis\u00e9s au S\u00e9n\u00e9gal ces derni\u00e8res ann\u00e9es. Le Centre international de Conf\u00e9rences Abdou Diouf (Cicad) est l\u2019un des projets embl\u00e9matiques de la coop\u00e9ration entre le S\u00e9n\u00e9gal et la T\u00fcrkiye. La construction de cette infrastructure de derni\u00e8re g\u00e9n\u00e9ration a \u00e9t\u00e9 financ\u00e9e \u00e0 hauteur de 48,5 millions d\u2019euros (pr\u00e8s de 32 milliards de FCfa) par la T\u00fcrkiye pour un co\u00fbt total de 77,8 millions d\u2019euros (environ 51 milliards de FCfa). L\u2019ach\u00e8vement de la construction du projet de l\u2019A\u00e9roport international Blaise Diagne (Aibd) est aussi le fruit des relations dynamiques entre Dakar et Ankara. Le groupe turc Summa-Limak a assur\u00e9 la finalisation des travaux relatifs au contrat de conception et de construction de l\u2019Aibd, initialement confi\u00e9 au groupe Saudi Binladen (Sbg). Summa-Limak a pris en charge la phase de tests, de calibrage et de mise en service de l\u2019a\u00e9roport, pour un montant total d\u2019environ 112 millions d\u2019euros, soit pr\u00e8s de 74 milliards de FCfa. Inaugur\u00e9 le 7 d\u00e9cembre 2017, l\u2019A\u00e9roport international Blaise Diagne est exploit\u00e9 par la soci\u00e9t\u00e9 priv\u00e9e Limak-Aibd-Summa (Las).<\/p>\n\n\n\n<p>La coop\u00e9ration turque a aussi permis la construction du stade du S\u00e9n\u00e9gal Abdoulaye Wade, du Dakar Arena, d\u2019une salle d\u2019exposition sans oublier l\u2019h\u00f4tel Radisson Diamniadio. Men\u00e9 par l\u2019entreprise turque De Meew (DM), le projet de construction du March\u00e9 d\u2019int\u00e9r\u00eat national et de la Gare des gros porteurs de Diamniadio repr\u00e9sente un investissement total d\u2019environ 68 milliards de FCfa. La T\u00fcrkiye y a contribu\u00e9 \u00e0 hauteur de 48,906 milliards de FCfa contre environ 19 milliards de FCfa de l\u2019\u00c9tat du S\u00e9n\u00e9gal.<\/p>\n\n\n\n<p>La sant\u00e9, les transports a\u00e9riens, l\u2019\u00e9ducation et l\u2019a\u00e9rospatiale occupent une place prioritaire dans les relations entre la Turquie et le S\u00e9n\u00e9gal. Parmi la d\u00e9l\u00e9gation du Premier ministre il y a, entre autres, les ministres de l\u2019Int\u00e9gration africaine et des Affaires \u00e9trang\u00e8res, Yassine Fall, de l\u2019\u00c9conomie, du Plan et de la Coop\u00e9ration, Abdourahmane Sarr, de l\u2019Industrie et du Commerce, Serigne Gu\u00e8ye Diop, de l\u2019\u00c9nergie, du P\u00e9trole et des Mines, Birame Soul\u00e8ye Diop, des Forces arm\u00e9es, Birame Diop, et de l\u2019Agriculture, de la Souverainet\u00e9 alimentaire et de l\u2019\u00c9levage, Mabouba Diagne.<\/p>\n\n\n\n<p><strong>Oumar KAND\u00c9<\/strong><\/p>\n","protected":false},"excerpt":{"rendered":"<p>Le Premier ministre Ousmane Sonko est en T\u00fcrkiye depuis hier, mercredi 6 ao\u00fbt, pour une visite officielle de cinq jours.<\/p>\n","protected":false},"author":1,"featured_media":61072,"comment_status":"open","ping_status":"open","sticky":false,"template":"","format":"standard","meta":{"footnotes":""},"categories":[6],"tags":[],"class_list":["post-61071","post","type-post","status-publish","format-standard","has-post-thumbnail","hentry","category-politics"],"_links":{"self":[{"href":"https:\/\/dekkbi.com\/index.php?rest_route=\/wp\/v2\/posts\/61071","targetHints":{"allow":["GET"]}}],"collection":[{"href":"https:\/\/dekkbi.com\/index.php?rest_route=\/wp\/v2\/posts"}],"about":[{"href":"https:\/\/dekkbi.com\/index.php?rest_route=\/wp\/v2\/types\/post"}],"author":[{"embeddable":true,"href":"https:\/\/dekkbi.com\/index.php?rest_route=\/wp\/v2\/users\/1"}],"replies":[{"embeddable":true,"href":"https:\/\/dekkbi.com\/index.php?rest_route=%2Fwp%2Fv2%2Fcomments&post=61071"}],"version-history":[{"count":1,"href":"https:\/\/dekkbi.com\/index.php?rest_route=\/wp\/v2\/posts\/61071\/revisions"}],"predecessor-version":[{"id":61073,"href":"https:\/\/dekkbi.com\/index.php?rest_route=\/wp\/v2\/posts\/61071\/revisions\/61073"}],"wp:featuredmedia":[{"embeddable":true,"href":"https:\/\/dekkbi.com\/index.php?rest_route=\/wp\/v2\/media\/61072"}],"wp:attachment":[{"href":"https:\/\/dekkbi.com\/index.php?rest_route=%2Fwp%2Fv2%2Fmedia&parent=61071"}],"wp:term":[{"taxonomy":"category","embeddable":true,"href":"https:\/\/dekkbi.com\/index.php?rest_route=%2Fwp%2Fv2%2Fcategories&post=61071"},{"taxonomy":"post_tag","embeddable":true,"href":"https:\/\/dekkbi.com\/index.php?rest_route=%2Fwp%2Fv2%2Ftags&post=61071"}],"curies":[{"name":"wp","href":"https:\/\/api.w.org\/{rel}","templated":true}]}}