{"id":61031,"date":"2025-08-06T10:23:27","date_gmt":"2025-08-06T10:23:27","guid":{"rendered":"https:\/\/dekkbi.com\/?p=61031"},"modified":"2025-08-06T10:24:20","modified_gmt":"2025-08-06T10:24:20","slug":"turquie-senegal-une-cooperation-bilaterale-solide-et-en-expansion","status":"publish","type":"post","link":"https:\/\/dekkbi.com\/?p=61031","title":{"rendered":"Turquie-S\u00e9n\u00e9gal : Une coop\u00e9ration bilat\u00e9rale solide et en expansion"},"content":{"rendered":"\n<p><a href=\"https:\/\/lesoleil.sn\/wp-content\/uploads\/2025\/08\/Dakar-Turquie-drapeau.jpg\"><\/a><strong>La visite officielle du Premier ministre Ousmane Sonko en Turquie, du 6 au 10 ao\u00fbt 2025, met en \u00e9vidence la vitalit\u00e9 des relations bilat\u00e9rales entre Dakar et Ankara. Port\u00e9es par une volont\u00e9 commune de diversification et de renforcement, ces relations reposent sur une coop\u00e9ration dynamique et en constante \u00e9volution.<\/strong><\/p>\n\n\n\n<p>Ancr\u00e9e dans plus d\u2019un demi-si\u00e8cle de relations diplomatiques, cette alliance strat\u00e9gique touche des secteurs vari\u00e9s allant de l\u2019\u00e9conomie aux infrastructures, en passant par la sant\u00e9, l\u2019a\u00e9ronautique, l\u2019\u00e9ducation et plus r\u00e9cemment l\u2019a\u00e9rospatiale.<\/p>\n\n\n\n<p><strong>Une coop\u00e9ration politique fond\u00e9e sur le respect mutuel<\/strong><\/p>\n\n\n\n<p>La relation entre Ankara et Dakar repose sur un dialogue politique soutenu. Le Pr\u00e9sident turc, Recep Tayyip Erdo\u011fan, a effectu\u00e9 cinq visites officielles au S\u00e9n\u00e9gal depuis 2013, tandis que le Pr\u00e9sident s\u00e9n\u00e9galais Bassirou Diomaye Faye s\u2019est rendu en Turquie pour sa premi\u00e8re visite officielle fin 2024. Ces \u00e9changes de haut niveau ont contribu\u00e9 \u00e0 renforcer les liens diplomatiques et \u00e0 consolider les m\u00e9canismes institutionnels, notamment \u00e0 travers la Grande Commission mixte de Coop\u00e9ration, qui s\u2019est r\u00e9unie \u00e0 plusieurs reprises (2014, 2017 et 2022), et l\u2019installation d\u2019un Conseil strat\u00e9gique de haut niveau.<\/p>\n\n\n\n<p><strong>Une pr\u00e9sence \u00e9conomique grandissante<\/strong><\/p>\n\n\n\n<p>Sur le plan \u00e9conomique, la Turquie s\u2019impose comme un partenaire de r\u00e9f\u00e9rence pour le S\u00e9n\u00e9gal. En 2021, le volume des \u00e9changes commerciaux a atteint 540 millions USD, contre seulement 85 millions en 2010. Ce chiffre t\u00e9moigne d\u2019une forte croissance, stimul\u00e9e par les investissements turcs dans les infrastructures, les travaux publics, les industries agroalimentaires, les mines et l\u2019\u00e9nergie.<\/p>\n\n\n\n<p>Un Conseil d\u2019affaires turco-s\u00e9n\u00e9galais facilite ces relations commerciales, avec de nombreuses entreprises turques actives au S\u00e9n\u00e9gal dans la sid\u00e9rurgie, le textile, l\u2019agriculture et la transformation halieutique. Les deux Chefs d\u2019\u00c9tat ont exprim\u00e9 leur volont\u00e9 d\u2019atteindre rapidement un volume d\u2019\u00e9change d\u2019un milliard de dollars.<\/p>\n\n\n\n<p><strong>Une coop\u00e9ration sectorielle cibl\u00e9e<\/strong><\/p>\n\n\n\n<p>Le partenariat s\u2019\u00e9tend aussi \u00e0 des secteurs majeurs. Dans le domaine de la sant\u00e9, la Turquie soutient des \u00e9tablissements de r\u00e9f\u00e9rence comme la Clinique Cardiolife, le Centre ophtalmologique turc et le futur Centre d\u2019oncologie de Diamniadio. Ce soutien s\u2019inscrit dans une politique de sant\u00e9 \u00e9largie visant \u00e0 renforcer le syst\u00e8me m\u00e9dical s\u00e9n\u00e9galais.<\/p>\n\n\n\n<p>Dans le secteur des transports, l\u2019accord a\u00e9rien sign\u00e9 en 2008 et l\u2019exploitation de la ligne Istanbul-Dakar par Turkish Airlines depuis 2009 ont renforc\u00e9 la connectivit\u00e9. De plus, la participation turque dans la gestion de l\u2019A\u00e9roport Blaise Diagne, via le consortium Limak-Summa, illustre une implication strat\u00e9gique dans les infrastructures a\u00e9roportuaires.<\/p>\n\n\n\n<p><strong>Un tournant majeur vers l\u2019a\u00e9rospatiale<\/strong><\/p>\n\n\n\n<p>R\u00e9cemment, la coop\u00e9ration s\u2019est ouverte \u00e0 un secteur strat\u00e9gique : l\u2019a\u00e9rospatiale. Un M\u00e9morandum d\u2019entente a \u00e9t\u00e9 sign\u00e9 en avril 2024 entre l\u2019Agence s\u00e9n\u00e9galaise d\u2019\u00c9tudes spatiales (ASES) et la Turkish Space Agency (TSA). Ce partenariat ambitieux pr\u00e9voit la formation, le transfert de technologies, le traitement de donn\u00e9es et la construction d\u2019une station d\u2019observation \u00e0 K\u00e9dougou, ainsi qu\u2019un projet de \u00ab S\u00e9n\u00e9gal Space Valley \u00bb.<\/p>\n\n\n\n<p><strong>L\u2019\u00e9ducation, l\u2019agriculture et le sport en ligne de mire<\/strong><\/p>\n\n\n\n<p>Dans le domaine \u00e9ducatif, la Turquie finance des \u00e9coles via la Fondation Maarif, reconnue d\u2019utilit\u00e9 publique au S\u00e9n\u00e9gal. Des projets de coop\u00e9ration universitaire sont \u00e9galement \u00e0 l\u2019\u00e9tude pour renforcer la recherche scientifique et les \u00e9changes d\u2019expertise.<\/p>\n\n\n\n<p>D\u2019autres volets de coop\u00e9ration sont en cours de d\u00e9veloppement dans des domaines aussi divers que l\u2019agriculture, la foresterie, la m\u00e9t\u00e9orologie, la gestion de la diaspora, le sport, la d\u00e9fense civile et la protection de l\u2019environnement.<\/p>\n\n\n\n<p><strong>C.G. DIOP<\/strong> &#8211; LESOLEIL<\/p>\n","protected":false},"excerpt":{"rendered":"<p>La visite officielle du Premier ministre Ousmane Sonko en Turquie, du 6 au 10 ao\u00fbt 2025, met en \u00e9vidence la<\/p>\n","protected":false},"author":1,"featured_media":61032,"comment_status":"open","ping_status":"open","sticky":false,"template":"","format":"standard","meta":{"footnotes":""},"categories":[6],"tags":[],"class_list":["post-61031","post","type-post","status-publish","format-standard","has-post-thumbnail","hentry","category-politics"],"_links":{"self":[{"href":"https:\/\/dekkbi.com\/index.php?rest_route=\/wp\/v2\/posts\/61031","targetHints":{"allow":["GET"]}}],"collection":[{"href":"https:\/\/dekkbi.com\/index.php?rest_route=\/wp\/v2\/posts"}],"about":[{"href":"https:\/\/dekkbi.com\/index.php?rest_route=\/wp\/v2\/types\/post"}],"author":[{"embeddable":true,"href":"https:\/\/dekkbi.com\/index.php?rest_route=\/wp\/v2\/users\/1"}],"replies":[{"embeddable":true,"href":"https:\/\/dekkbi.com\/index.php?rest_route=%2Fwp%2Fv2%2Fcomments&post=61031"}],"version-history":[{"count":2,"href":"https:\/\/dekkbi.com\/index.php?rest_route=\/wp\/v2\/posts\/61031\/revisions"}],"predecessor-version":[{"id":61035,"href":"https:\/\/dekkbi.com\/index.php?rest_route=\/wp\/v2\/posts\/61031\/revisions\/61035"}],"wp:featuredmedia":[{"embeddable":true,"href":"https:\/\/dekkbi.com\/index.php?rest_route=\/wp\/v2\/media\/61032"}],"wp:attachment":[{"href":"https:\/\/dekkbi.com\/index.php?rest_route=%2Fwp%2Fv2%2Fmedia&parent=61031"}],"wp:term":[{"taxonomy":"category","embeddable":true,"href":"https:\/\/dekkbi.com\/index.php?rest_route=%2Fwp%2Fv2%2Fcategories&post=61031"},{"taxonomy":"post_tag","embeddable":true,"href":"https:\/\/dekkbi.com\/index.php?rest_route=%2Fwp%2Fv2%2Ftags&post=61031"}],"curies":[{"name":"wp","href":"https:\/\/api.w.org\/{rel}","templated":true}]}}