{"id":6103,"date":"2023-01-10T10:43:30","date_gmt":"2023-01-10T10:43:30","guid":{"rendered":"https:\/\/dekkbi.com\/?p=6103"},"modified":"2023-01-10T14:35:24","modified_gmt":"2023-01-10T14:35:24","slug":"cote-divoire-la-main-tendue-de-alassane-ouattara-au-gouvernement-malien","status":"publish","type":"post","link":"https:\/\/dekkbi.com\/?p=6103","title":{"rendered":"La main tendue de Alassane Ouattara au gouvernement malien"},"content":{"rendered":"\n<h3 class=\"wp-block-heading\">La C\u00f4te d&rsquo;Ivoire veut \u00ab\u00a0reprendre des relations normales\u00a0\u00bb avec le Mali apr\u00e8s la crise provoqu\u00e9e par l&rsquo;arrestation il y a six mois de soldats ivoiriens \u00e0 Bamako, rentr\u00e9s samedi \u00e0 Abidjan apr\u00e8s avoir \u00e9t\u00e9 graci\u00e9s, a d\u00e9clar\u00e9 dimanche le pr\u00e9sident ivoirien Alassane Ouattara.<\/h3>\n\n\n\n<p>Relay\u00e9s par Le Grand Panel, quotidien s\u00e9n\u00e9galais, ce sont les propos de M. Ouattara lors d&rsquo;une c\u00e9r\u00e9monie en l&rsquo;honneur de 46 soldats ivoiriens qui venaient de rentrer \u00e0 Abidjan.<\/p>\n\n\n\n<p>Il ajoute : \u00ab\u00a0Bien \u00e9videmment, maintenant que cette crise est derri\u00e8re nous, nous pourrons reprendre des relations normales avec le pays fr\u00e8re qu&rsquo;est le Mali, qui a besoin de nous et dont nous avons besoin \u00e9galement\u00a0\u00bb,<br><\/p>\n\n\n\n<p>LERAL<\/p>\n","protected":false},"excerpt":{"rendered":"<p>La C\u00f4te d&rsquo;Ivoire veut \u00ab\u00a0reprendre des relations normales\u00a0\u00bb avec le Mali apr\u00e8s la crise provoqu\u00e9e par l&rsquo;arrestation il y a<\/p>\n","protected":false},"author":1,"featured_media":6104,"comment_status":"open","ping_status":"open","sticky":false,"template":"","format":"standard","meta":{"footnotes":""},"categories":[51],"tags":[],"class_list":["post-6103","post","type-post","status-publish","format-standard","has-post-thumbnail","hentry","category-general"],"_links":{"self":[{"href":"https:\/\/dekkbi.com\/index.php?rest_route=\/wp\/v2\/posts\/6103","targetHints":{"allow":["GET"]}}],"collection":[{"href":"https:\/\/dekkbi.com\/index.php?rest_route=\/wp\/v2\/posts"}],"about":[{"href":"https:\/\/dekkbi.com\/index.php?rest_route=\/wp\/v2\/types\/post"}],"author":[{"embeddable":true,"href":"https:\/\/dekkbi.com\/index.php?rest_route=\/wp\/v2\/users\/1"}],"replies":[{"embeddable":true,"href":"https:\/\/dekkbi.com\/index.php?rest_route=%2Fwp%2Fv2%2Fcomments&post=6103"}],"version-history":[{"count":2,"href":"https:\/\/dekkbi.com\/index.php?rest_route=\/wp\/v2\/posts\/6103\/revisions"}],"predecessor-version":[{"id":6155,"href":"https:\/\/dekkbi.com\/index.php?rest_route=\/wp\/v2\/posts\/6103\/revisions\/6155"}],"wp:featuredmedia":[{"embeddable":true,"href":"https:\/\/dekkbi.com\/index.php?rest_route=\/wp\/v2\/media\/6104"}],"wp:attachment":[{"href":"https:\/\/dekkbi.com\/index.php?rest_route=%2Fwp%2Fv2%2Fmedia&parent=6103"}],"wp:term":[{"taxonomy":"category","embeddable":true,"href":"https:\/\/dekkbi.com\/index.php?rest_route=%2Fwp%2Fv2%2Fcategories&post=6103"},{"taxonomy":"post_tag","embeddable":true,"href":"https:\/\/dekkbi.com\/index.php?rest_route=%2Fwp%2Fv2%2Ftags&post=6103"}],"curies":[{"name":"wp","href":"https:\/\/api.w.org\/{rel}","templated":true}]}}