{"id":60994,"date":"2025-08-05T10:16:12","date_gmt":"2025-08-05T10:16:12","guid":{"rendered":"https:\/\/dekkbi.com\/?p=60994"},"modified":"2025-08-05T10:16:13","modified_gmt":"2025-08-05T10:16:13","slug":"avenir-lancien-coach-des-lions-annonce-a-lusm-alger-aliou-cisse-un-nouveau-challenge-loin-des-sommets-africains","status":"publish","type":"post","link":"https:\/\/dekkbi.com\/?p=60994","title":{"rendered":"Avenir \u2013 L\u2019ancien coach des Lions annonc\u00e9 \u00e0 l\u2019Usm Alger Aliou Ciss\u00e9 : Un nouveau challenge loin des sommets africains"},"content":{"rendered":"\n<p>Son nom est associ\u00e9 au sommet du football africain. Aliou Ciss\u00e9, l\u2019homme qui a men\u00e9 le S\u00e9n\u00e9gal sur le toit du continent en 2021, est une figure respect\u00e9e dont la place semblait \u00eatre \u00e0 la t\u00eate de s\u00e9lections ambitieuses ou de grands clubs. Pourtant, apr\u00e8s une exp\u00e9rience avort\u00e9e en Libye, le technicien s\u00e9n\u00e9galais est sur le point de s\u2019engager dans un nouveau projet. Un projet qui, sur le papier, ressemble \u00e0 un surprenant pas en arri\u00e8re, un choix qui interroge sur ses ambitions r\u00e9elles et qui pourrait \u00eatre interpr\u00e9t\u00e9 comme une n\u00e9cessit\u00e9 de revoir ses pr\u00e9tentions \u00e0 la baisse pour simplement continuer d\u2019exercer.<br>Cette destination inattendue est donc l\u2019Usm Alger. Selon plusieurs sources concordantes, des contacts tr\u00e8s avanc\u00e9s ont \u00e9t\u00e9 \u00e9tablis entre l\u2019entra\u00eeneur de 49 ans et le club de la capitale alg\u00e9rienne. Si la piste se concr\u00e9tise, ce serait un virage \u00e0 180 degr\u00e9s dans sa carri\u00e8re. Car si l\u2019Usma est un club historique, vainqueur de la Coupe de la Conf\u00e9d\u00e9ration il y a deux ans, elle n\u2019\u00e9volue pas dans la m\u00eame sph\u00e8re que les \u00e9quipes que Ciss\u00e9 a l\u2019habitude de diriger. Huiti\u00e8me du dernier championnat alg\u00e9rien, le club n\u2019a jamais remport\u00e9 la C1 africaine. Ce choix, s\u2019il se confirme, peut s\u2019analyser comme une volont\u00e9 de se relancer dans un cadre diff\u00e9rent, moins expos\u00e9. Apr\u00e8s la fin de son long cycle avec le S\u00e9n\u00e9gal et la rupture de son contrat avec la Libye pour des salaires impay\u00e9s, Aliou Ciss\u00e9 a peut-\u00eatre ressenti le besoin de retrouver le quotidien d\u2019un club. Accepter un projet de reconstruction comme celui de l\u2019Usma serait alors une mani\u00e8re de prouver qu\u2019il peut aussi r\u00e9ussir dans un contexte diff\u00e9rent, loin des projecteurs des grandes comp\u00e9titions internationales.<\/p>\n\n\n\n<p><strong>Aliou Ciss\u00e9 pr\u00eat \u00e0 reculer pour mieux sauter<\/strong><\/p>\n\n\n\n<p>Rien n\u2019est encore finalis\u00e9. Le principal obstacle reste d\u2019ordre financier. Le salaire d\u2019un technicien du calibre de Aliou Ciss\u00e9 est un investissement consid\u00e9rable pour l\u2019Usm Alger, et les pourparlers se poursuivent. Le club alg\u00e9rien, qui a longtemps consid\u00e9r\u00e9 la piste menant \u00e0 l\u2019Espagnol Juan Carlos Garrido, a fait de Ciss\u00e9 sa priorit\u00e9 absolue. La direction usmiste semble pr\u00eate \u00e0 faire un effort significatif pour s\u2019attacher les services d\u2019un entra\u00eeneur capable de redonner de la structure et de la cr\u00e9dibilit\u00e9 \u00e0 son projet.<\/p>\n\n\n\n<p>L\u2019int\u00e9r\u00eat de Aliou Ciss\u00e9 pour l\u2019Usm Alger peut surprendre, mais il s\u2019inscrit peut-\u00eatre dans une strat\u00e9gie \u00e0 plus long terme. En choisissant un d\u00e9fi moins prestigieux mais concret, il s\u2019offre l\u2019opportunit\u00e9 de travailler au quotidien et de rester actif, plut\u00f4t que d\u2019attendre une offre d\u2019une s\u00e9lection de premier plan qui ne viendrait peut-\u00eatre pas. C\u2019est un pari, celui de reculer pour potentiellement mieux sauter, en esp\u00e9rant qu\u2019un succ\u00e8s en Alg\u00e9rie lui rouvrira les portes du plus haut niveau africain.<br><strong>Football365.fr<\/strong><\/p>\n","protected":false},"excerpt":{"rendered":"<p>Son nom est associ\u00e9 au sommet du football africain. Aliou Ciss\u00e9, l\u2019homme qui a men\u00e9 le S\u00e9n\u00e9gal sur le toit<\/p>\n","protected":false},"author":1,"featured_media":30071,"comment_status":"open","ping_status":"open","sticky":false,"template":"","format":"standard","meta":{"footnotes":""},"categories":[9],"tags":[],"class_list":["post-60994","post","type-post","status-publish","format-standard","has-post-thumbnail","hentry","category-sports"],"_links":{"self":[{"href":"https:\/\/dekkbi.com\/index.php?rest_route=\/wp\/v2\/posts\/60994","targetHints":{"allow":["GET"]}}],"collection":[{"href":"https:\/\/dekkbi.com\/index.php?rest_route=\/wp\/v2\/posts"}],"about":[{"href":"https:\/\/dekkbi.com\/index.php?rest_route=\/wp\/v2\/types\/post"}],"author":[{"embeddable":true,"href":"https:\/\/dekkbi.com\/index.php?rest_route=\/wp\/v2\/users\/1"}],"replies":[{"embeddable":true,"href":"https:\/\/dekkbi.com\/index.php?rest_route=%2Fwp%2Fv2%2Fcomments&post=60994"}],"version-history":[{"count":1,"href":"https:\/\/dekkbi.com\/index.php?rest_route=\/wp\/v2\/posts\/60994\/revisions"}],"predecessor-version":[{"id":60995,"href":"https:\/\/dekkbi.com\/index.php?rest_route=\/wp\/v2\/posts\/60994\/revisions\/60995"}],"wp:featuredmedia":[{"embeddable":true,"href":"https:\/\/dekkbi.com\/index.php?rest_route=\/wp\/v2\/media\/30071"}],"wp:attachment":[{"href":"https:\/\/dekkbi.com\/index.php?rest_route=%2Fwp%2Fv2%2Fmedia&parent=60994"}],"wp:term":[{"taxonomy":"category","embeddable":true,"href":"https:\/\/dekkbi.com\/index.php?rest_route=%2Fwp%2Fv2%2Fcategories&post=60994"},{"taxonomy":"post_tag","embeddable":true,"href":"https:\/\/dekkbi.com\/index.php?rest_route=%2Fwp%2Fv2%2Ftags&post=60994"}],"curies":[{"name":"wp","href":"https:\/\/api.w.org\/{rel}","templated":true}]}}