{"id":60986,"date":"2025-08-05T10:06:37","date_gmt":"2025-08-05T10:06:37","guid":{"rendered":"https:\/\/dekkbi.com\/?p=60986"},"modified":"2025-08-05T10:06:37","modified_gmt":"2025-08-05T10:06:37","slug":"greve-des-greffiers-lordre-des-avocats-denonce-une-paralysie-du-service-public-de-la-justice","status":"publish","type":"post","link":"https:\/\/dekkbi.com\/?p=60986","title":{"rendered":"Gr\u00e8ve des greffiers : l\u2019Ordre des avocats d\u00e9nonce une paralysie du service public de la justice"},"content":{"rendered":"\n<p>Dakar, (APS) \u2013 Le conseil de l\u2019Ordre des avocats du S\u00e9n\u00e9gal a fait \u00e9tat lundi d\u2019une paralysie du fonctionnement du service public de la justice, cons\u00e9cutive \u00e0 la gr\u00e8ve des travailleurs de la justice observ\u00e9e depuis plusieurs semaines.<\/p>\n\n\n\n<p>La gr\u00e8ve d\u00e9clench\u00e9e le 18 juin dernier par les syndicats de ce&nbsp;secteur \u201cparalyse le fonctionnement du service public de la justice et porte gravement atteinte aux droits de ses usagers, ainsi qu\u2019\u00e0 l\u2019activit\u00e9 de nombreux autres services et secteurs d\u2019activit\u00e9s\u201d, a r\u00e9agi cette organisation dans un communiqu\u00e9 transmis \u00e0 l\u2019APS, lundi.<\/p>\n\n\n\n<p>Le Syndicat des travailleurs de la justice (SYTJUST) et l\u2019Union nationale des travailleurs de la justice (UNTJ) ont annonc\u00e9 une tr\u00eave de 48 heures pour discuter avec la tutelle ce mercredi, apr\u00e8s plusieurs semaines de mouvement.<\/p>\n\n\n\n<p>L\u2019Ordre des avocats a insist\u00e9 sur les cons\u00e9quences de ce mouvement d\u2019humeur, qui a comme cons\u00e9quences \u201dle prolongement des d\u00e9tentions pr\u00e9ventives d\u00e9j\u00e0 longues, le&nbsp;surpeuplement carc\u00e9ral, avec tous les risques induits, l\u2019affectation du droit \u00e0 un&nbsp;proc\u00e8s \u00e9quitable, sans compter les r\u00e9percussions n\u00e9gatives sur le plan&nbsp;\u00e9conomique\u201d.&nbsp;<\/p>\n\n\n\n<p>Le Barreau du S\u00e9n\u00e9gal indique \u00e9galement avoir entrepris plusieurs d\u00e9marches en vue de trouver un d\u00e9nouement \u00e0 cette situation.<\/p>\n\n\n\n<p>\u201cA ce jour, regrette l\u2019organisation des avocats, celles-ci n\u2019ont pas pu aboutir\u201d.&nbsp;Le conseil de l\u2019Ordre d\u00e9nonce cette paralysie du secteur public de la justice,&nbsp;qui ne saurait perdurer, a ajout\u00e9 le texte.<\/p>\n\n\n\n<p>Le conseil de l\u2019Ordre rappelle, par ailleurs, que si le droit de gr\u00e8ve est \u201cconstitutionnellement garanti\u201d, son&nbsp;exercice doit \u00e9galement \u00eatre concili\u00e9 avec l\u2019imp\u00e9ratif de continuit\u00e9 du service public et le droit de chaque citoyen d\u2019acc\u00e9der aux services de la justice et d\u2019\u00eatre jug\u00e9 dans un d\u00e9lai raisonnable.<\/p>\n\n\n\n<p>Il rappelle aussi qu\u2019il incombe \u00e0 l\u2019Etat de garantir la continuit\u00e9 du service public, les&nbsp;droits des citoyens et des justiciables, le respect de ses engagements&nbsp;et l\u2019autorit\u00e9 de la loi.<\/p>\n\n\n\n<p>Le ministre de la Justice, Ousmane Diagne, avait demand\u00e9, dans une circulaire en date du 18 juillet dernier, aux chefs de juridictions et de parquets de r\u00e9quisitionner les greffiers et le personnel administratif n\u00e9cessaire en vue d\u2019assurer la continuit\u00e9 du service public de la Justice.<\/p>\n\n\n\n<p>Le conseil r\u00e9affirme \u201cl\u2019attachement\u201d de l\u2019Ordre des avocats au respect des droits et libert\u00e9s et en appelle \u201cau sens des responsabilit\u00e9s\u201d de tous les acteurs, r\u00e9it\u00e9rant sa \u201cdisponibilit\u00e9 \u00e0 \u0153uvrer au r\u00e9tablissement du fonctionnement&nbsp;normal du service public de la justice\u201d.<\/p>\n\n\n\n<p>CMS\/HK\/MTN<\/p>\n","protected":false},"excerpt":{"rendered":"<p>Dakar, (APS) \u2013 Le conseil de l\u2019Ordre des avocats du S\u00e9n\u00e9gal a fait \u00e9tat lundi d\u2019une paralysie du fonctionnement du<\/p>\n","protected":false},"author":1,"featured_media":60988,"comment_status":"open","ping_status":"open","sticky":false,"template":"","format":"standard","meta":{"footnotes":""},"categories":[26],"tags":[],"class_list":["post-60986","post","type-post","status-publish","format-standard","has-post-thumbnail","hentry","category-fait-divers"],"_links":{"self":[{"href":"https:\/\/dekkbi.com\/index.php?rest_route=\/wp\/v2\/posts\/60986","targetHints":{"allow":["GET"]}}],"collection":[{"href":"https:\/\/dekkbi.com\/index.php?rest_route=\/wp\/v2\/posts"}],"about":[{"href":"https:\/\/dekkbi.com\/index.php?rest_route=\/wp\/v2\/types\/post"}],"author":[{"embeddable":true,"href":"https:\/\/dekkbi.com\/index.php?rest_route=\/wp\/v2\/users\/1"}],"replies":[{"embeddable":true,"href":"https:\/\/dekkbi.com\/index.php?rest_route=%2Fwp%2Fv2%2Fcomments&post=60986"}],"version-history":[{"count":1,"href":"https:\/\/dekkbi.com\/index.php?rest_route=\/wp\/v2\/posts\/60986\/revisions"}],"predecessor-version":[{"id":60987,"href":"https:\/\/dekkbi.com\/index.php?rest_route=\/wp\/v2\/posts\/60986\/revisions\/60987"}],"wp:featuredmedia":[{"embeddable":true,"href":"https:\/\/dekkbi.com\/index.php?rest_route=\/wp\/v2\/media\/60988"}],"wp:attachment":[{"href":"https:\/\/dekkbi.com\/index.php?rest_route=%2Fwp%2Fv2%2Fmedia&parent=60986"}],"wp:term":[{"taxonomy":"category","embeddable":true,"href":"https:\/\/dekkbi.com\/index.php?rest_route=%2Fwp%2Fv2%2Fcategories&post=60986"},{"taxonomy":"post_tag","embeddable":true,"href":"https:\/\/dekkbi.com\/index.php?rest_route=%2Fwp%2Fv2%2Ftags&post=60986"}],"curies":[{"name":"wp","href":"https:\/\/api.w.org\/{rel}","templated":true}]}}