{"id":60973,"date":"2025-08-05T09:18:21","date_gmt":"2025-08-05T09:18:21","guid":{"rendered":"https:\/\/dekkbi.com\/?p=60973"},"modified":"2025-08-05T10:28:52","modified_gmt":"2025-08-05T10:28:52","slug":"administration-ousmane-sonko-reaffirme-la-volonte-du-gouvernement-de-lutter-contre-la-corruption","status":"publish","type":"post","link":"https:\/\/dekkbi.com\/?p=60973","title":{"rendered":"Administration: Ousmane Sonko r\u00e9affirme la volont\u00e9 du gouvernement de lutter contre la corruption"},"content":{"rendered":"\n<p>Diamniadio,  (APS) \u2013 Le Premier ministre, Ousmane Sonko, a r\u00e9affirm\u00e9, lundi, la d\u00e9termination du gouvernement \u00e0 particuli\u00e8rement combattre la corruption dans l\u2019administration, un \u2018\u2019fl\u00e9au\u2019\u2019 aux cons\u00e9quences d\u00e9sastreuses sur le d\u00e9veloppement \u00e9conomique.\u00a0<\/p>\n\n\n\n<p>\u2018\u2019La corruption est un fl\u00e9au qu\u2019il faut combattre, parce qu\u2019en dehors de l\u2019impact n\u00e9gatif sur la qualit\u00e9 du service public, il y a l\u2019impact n\u00e9gatif sur le rendu, mais \u00e9galement des cons\u00e9quences, sur le plan \u00e9conomique qui sont d\u00e9sastreuses et m\u00eame sur le plan s\u00e9curitaire\u2019\u2019, a-t-il dit.<\/p>\n\n\n\n<p>Ousmane Sonko s\u2019exprimait ainsi lors de la c\u00e9r\u00e9monie de r\u00e9ception officielle de l\u2019Agenda de transformation du service public s\u00e9n\u00e9galais, des mains du ministre de la Fonction publique et de la R\u00e9forme du service public, Olivier Boucal.&nbsp;<\/p>\n\n\n\n<p>Le chef du gouvernement a \u00e9galement point\u00e9 du doigt \u2018\u2019la corruption dans l\u2019administration publique\u2019\u2019, avant d\u2019inviter les agents \u00e0 faire preuve de patriotisme.<\/p>\n\n\n\n<p>\u2018\u2019C\u2019est un fl\u00e9au qu\u2019il faut combattre et il faut que chaque fonctionnaire comprenne qu\u2019on ne peut pas \u00eatre milliardaire en tant que fonctionnaire. Ce n\u2019est pas possible\u2019\u2019, a insist\u00e9 Ousmane Sonko.&nbsp;<\/p>\n\n\n\n<p>Il a fait observer qu\u2019un agent de l\u2019\u00c9tat ne doit jamais pr\u00e9f\u00e9rer encaisser 300 ou 500 millions de francs CFA et fermer les yeux sur 10 milliards de francs CFA de recettes qui devaient entrer dans les caisses du Tr\u00e9sor.<\/p>\n\n\n\n<p>\u2018\u2019Nous sommes dans un pays o\u00f9 le pr\u00e9sident de la R\u00e9publique per\u00e7oit un salaire de moins de 5 millions de francs CFA. Le Premier ministre per\u00e7oit 4 millions de francs CFA et quelque. Les ministres ont moins de 4 millions\u2019\u2019, a fait savoir le Premier ministre, trouvant anormal qu\u2019un fonctionnaire puisse devenir milliardaire.&nbsp;&nbsp;<\/p>\n\n\n\n<p>\u2018\u2019Comment un fonctionnaire peut-il \u00eatre multimillionnaire ou milliardaire dans ce pays ? Ce n\u2019est pas possible. C\u2019est pourquoi nous saluons les initiatives prises r\u00e9cemment par le pr\u00e9sident de la R\u00e9publique sur le front de la transparence avec un certain nombre de lois, parmi lesquelles une loi sur la r\u00e9forme de l\u2019OFNAC [Office national de lutte contre la fraude et la corruption], la loi qui prot\u00e9gera davantage les lanceurs d\u2019alerte parce que c\u2019est important, et beaucoup d\u2019autres lois d\u00e9j\u00e0 valid\u00e9es en Conseil des ministres\u2019\u2019, s\u2019est-il f\u00e9licit\u00e9.&nbsp;<\/p>\n\n\n\n<p>Mercredi dernier, le gouvernement a annonc\u00e9 avoir adopt\u00e9, en Conseil des ministres, plusieurs projets de loi portant sur la transparence et la gouvernance publique, dont celui portant sur la cr\u00e9ation prochaine de l\u2019Office national de lutte contre la corruption, celui portant sur la d\u00e9claration de patrimoine, celui relatif au statut et \u00e0 la protection des lanceurs d\u2019alerte, ou encore un texte de loi consacr\u00e9 \u00e0 l\u2019acc\u00e8s \u00e0 l\u2019information.<\/p>\n\n\n\n<p>Ces initiatives du chef de l\u2019Etat visent \u00e0 lutter contre la corruption, \u2018\u2019une gangr\u00e8ne qui existe dans tous les pays, mais statistiquement, il est d\u00e9montr\u00e9 que c\u2019est dans les pays sous-d\u00e9velopp\u00e9s que \u00e7a pr\u00e9vaut le plus\u2019\u2019, a dit le Premier ministre.&nbsp;<\/p>\n\n\n\n<p>CMS\/ABB\/AB<\/p>\n","protected":false},"excerpt":{"rendered":"<p>Diamniadio, (APS) \u2013 Le Premier ministre, Ousmane Sonko, a r\u00e9affirm\u00e9, lundi, la d\u00e9termination du gouvernement \u00e0 particuli\u00e8rement combattre la corruption<\/p>\n","protected":false},"author":1,"featured_media":60974,"comment_status":"open","ping_status":"open","sticky":false,"template":"","format":"standard","meta":{"footnotes":""},"categories":[6],"tags":[],"class_list":["post-60973","post","type-post","status-publish","format-standard","has-post-thumbnail","hentry","category-politics"],"_links":{"self":[{"href":"https:\/\/dekkbi.com\/index.php?rest_route=\/wp\/v2\/posts\/60973","targetHints":{"allow":["GET"]}}],"collection":[{"href":"https:\/\/dekkbi.com\/index.php?rest_route=\/wp\/v2\/posts"}],"about":[{"href":"https:\/\/dekkbi.com\/index.php?rest_route=\/wp\/v2\/types\/post"}],"author":[{"embeddable":true,"href":"https:\/\/dekkbi.com\/index.php?rest_route=\/wp\/v2\/users\/1"}],"replies":[{"embeddable":true,"href":"https:\/\/dekkbi.com\/index.php?rest_route=%2Fwp%2Fv2%2Fcomments&post=60973"}],"version-history":[{"count":1,"href":"https:\/\/dekkbi.com\/index.php?rest_route=\/wp\/v2\/posts\/60973\/revisions"}],"predecessor-version":[{"id":60975,"href":"https:\/\/dekkbi.com\/index.php?rest_route=\/wp\/v2\/posts\/60973\/revisions\/60975"}],"wp:featuredmedia":[{"embeddable":true,"href":"https:\/\/dekkbi.com\/index.php?rest_route=\/wp\/v2\/media\/60974"}],"wp:attachment":[{"href":"https:\/\/dekkbi.com\/index.php?rest_route=%2Fwp%2Fv2%2Fmedia&parent=60973"}],"wp:term":[{"taxonomy":"category","embeddable":true,"href":"https:\/\/dekkbi.com\/index.php?rest_route=%2Fwp%2Fv2%2Fcategories&post=60973"},{"taxonomy":"post_tag","embeddable":true,"href":"https:\/\/dekkbi.com\/index.php?rest_route=%2Fwp%2Fv2%2Ftags&post=60973"}],"curies":[{"name":"wp","href":"https:\/\/api.w.org\/{rel}","templated":true}]}}