{"id":60964,"date":"2025-08-05T08:58:08","date_gmt":"2025-08-05T08:58:08","guid":{"rendered":"https:\/\/dekkbi.com\/?p=60964"},"modified":"2025-08-05T09:04:41","modified_gmt":"2025-08-05T09:04:41","slug":"reforme-du-secteur-public-le-rapport-pointe-les-failles-majeures-de-ladministration","status":"publish","type":"post","link":"https:\/\/dekkbi.com\/?p=60964","title":{"rendered":"R\u00e9forme du secteur public: le rapport pointe les failles majeures de l\u2019administration"},"content":{"rendered":"\n<p><strong>Le minist\u00e8re de la Fonction publique a d\u00e9voil\u00e9, hier, le rapport g\u00e9n\u00e9ral des concertations nationales sur la r\u00e9forme du service public. Fruit d\u2019une large consultation, le document pr\u00e9sent\u00e9 devant le Premier ministre identifie plusieurs lacunes majeures dans l\u2019administration s\u00e9n\u00e9galaise telles que la faible comp\u00e9tence des ressources humaines, l\u2019acc\u00e8s difficile aux services, l\u2019absence d\u2019accueil professionnel, les retards, la corruption et le manque d\u2019infrastructures.<\/strong><\/p>\n\n\n\n<p>A l\u2019occasion de la remise du rapport g\u00e9n\u00e9ral des concertations nationales sur la r\u00e9forme du service public, le ministre de la Fonction publique et de la Transformation du service public, Olivier Boucal a remis au Premier ministre Ousmane Sonko, le rapport g\u00e9n\u00e9ral des concertations nationales sur la r\u00e9forme du service public. Celui-ci d\u00e9voil\u00e9 hier, au Centre de Conf\u00e9rence internationale Abdou Diouf (Cicad), \u00e0 Diamniadio, devant de hautes personnalit\u00e9s de l\u2019Etat, des universitaires et des partenaires techniques et financiers a r\u00e9v\u00e9l\u00e9 de nombreuses failles dans l\u2019organisation et le fonctionnement de l\u2019administration s\u00e9n\u00e9galaise. Pr\u00e9sentant, le rapport au nom du Comit\u00e9 charg\u00e9 de l\u2019\u00e9laboration du rapport sur les concertations nationales pour la r\u00e9forme du service public (Coref), le Professeur Serigne Ahmadou Gaye a d\u2019embl\u00e9e soulign\u00e9 que pour aboutir au contenu de ce rapport, le comit\u00e9 a men\u00e9 de larges consultations approfondies durant plusieurs mois aupr\u00e8s des usagers et des institutions de l\u2019Etat. Selon lui, suite \u00e0 un diagnostic complet issu de consultations et de concertations, il a \u00e9t\u00e9 not\u00e9 plusieurs lacunes.<\/p>\n\n\n\n<p>\u00ab Le travail sur le terrain, dans les diff\u00e9rentes r\u00e9gions, tir\u00e9 aussi des plateformes, nous a permis d\u2019avoir des constats g\u00e9n\u00e9raux. L\u2019un des premiers constats g\u00e9n\u00e9raux, c\u2019est l\u2019insuffisance et le faible niveau de comp\u00e9tence des ressources humaines \u00bb, a soulign\u00e9 M. Gaye. Diagnostic complet Selon lui cet \u00e9l\u00e9ment a \u00e9t\u00e9 syst\u00e9matiquement analys\u00e9 dans tous les avis et opinions recueilli par leurs soins. Au-del\u00e0 de cette lacune, le rapport souligne l\u2019acc\u00e8s difficile aux services, l\u2019absence d\u2019accueil professionnel, les retards, la corruption, etc. Pour l\u2019acc\u00e8s au service, Selon Serigne Ahmadou Gaye la situation est la m\u00eame que ce soit pour l\u2019acc\u00e8s physique ou m\u00eame l\u2019acc\u00e8s virtuel. Cette difficult\u00e9 d\u00e9coule d\u2019abord de l\u2019inadaptation des infrastructures qui ne permet aux personnes \u00e0 mobilit\u00e9 r\u00e9duite ou souffrant de handicap l\u2019acc\u00e8s aux b\u00e2timents publics et ensuite des difficult\u00e9s not\u00e9es dans les services d\u2019accueil et d\u2019orientation. \u00ab S\u2019il y a vraiment une question qui m\u00e9rite une attention, c\u2019est l\u2019accueil et l\u2019orientation.<\/p>\n\n\n\n<p>Nous avons constat\u00e9 deux choses. L\u00e0 o\u00f9 il y a l\u2019accueil, il n\u2019y a pas de professionnels d\u00e9di\u00e9s. Ou encore plus grave il y a compl\u00e8tement l\u2019absence d\u2019accueil \u00bb, a relev\u00e9 M. Gaye. Autres lacunes not\u00e9es par le Coref, ce sont les entorses au principe de la continuit\u00e9 du service public qui selon lui, sont li\u00e9s \u00e0 trois types d\u2019absent\u00e9ismes identifi\u00e9s. Le premier, qualifi\u00e9 de micro-absent\u00e9isme, concerne ces agents qui arrivent syst\u00e9matiquement en retard au bureau et repartent bien avant l\u2019heure officielle de fermeture. Le deuxi\u00e8me, l\u2019absent\u00e9isme social, est enracin\u00e9 dans les r\u00e9alit\u00e9s culturelles et sociales du pays comme les c\u00e9r\u00e9monies familiales, \u00e9v\u00e9nements communautaires qui sont autant d\u2019occasions r\u00e9guli\u00e8rement invoqu\u00e9es pour s\u2019absenter.<\/p>\n\n\n\n<p>Et enfin, l\u2019absent\u00e9isme l\u00e9gal qui d\u00e9coule des multiples s\u00e9minaires, formations et d\u00e9placements professionnels, notamment dans les r\u00e9gions \u00e0 l\u2019occasion desquels souvent un seul agent assure tout le service. Selon M. Gaye ce triptyque d\u2019absences mine le principe fondamental de la continuit\u00e9 du service public. \u00ab Et d\u2019autres constats g\u00e9n\u00e9raux aussi sont li\u00e9s aux infrastructures et aux \u00e9quipements. Il y a aussi le manque de moyens mat\u00e9riels, logistiques et informatiques qui est fr\u00e9quent dans plusieurs services \u00bb, a relev\u00e9 le rapport.<\/p>\n\n\n\n<p><strong>\u00a0Par Souleymane WANE<\/strong><br>LESOLEIL<\/p>\n","protected":false},"excerpt":{"rendered":"<p>Le minist\u00e8re de la Fonction publique a d\u00e9voil\u00e9, hier, le rapport g\u00e9n\u00e9ral des concertations nationales sur la r\u00e9forme du service<\/p>\n","protected":false},"author":1,"featured_media":60965,"comment_status":"open","ping_status":"open","sticky":false,"template":"","format":"standard","meta":{"footnotes":""},"categories":[3],"tags":[],"class_list":["post-60964","post","type-post","status-publish","format-standard","has-post-thumbnail","hentry","category-event-more-news"],"_links":{"self":[{"href":"https:\/\/dekkbi.com\/index.php?rest_route=\/wp\/v2\/posts\/60964","targetHints":{"allow":["GET"]}}],"collection":[{"href":"https:\/\/dekkbi.com\/index.php?rest_route=\/wp\/v2\/posts"}],"about":[{"href":"https:\/\/dekkbi.com\/index.php?rest_route=\/wp\/v2\/types\/post"}],"author":[{"embeddable":true,"href":"https:\/\/dekkbi.com\/index.php?rest_route=\/wp\/v2\/users\/1"}],"replies":[{"embeddable":true,"href":"https:\/\/dekkbi.com\/index.php?rest_route=%2Fwp%2Fv2%2Fcomments&post=60964"}],"version-history":[{"count":1,"href":"https:\/\/dekkbi.com\/index.php?rest_route=\/wp\/v2\/posts\/60964\/revisions"}],"predecessor-version":[{"id":60966,"href":"https:\/\/dekkbi.com\/index.php?rest_route=\/wp\/v2\/posts\/60964\/revisions\/60966"}],"wp:featuredmedia":[{"embeddable":true,"href":"https:\/\/dekkbi.com\/index.php?rest_route=\/wp\/v2\/media\/60965"}],"wp:attachment":[{"href":"https:\/\/dekkbi.com\/index.php?rest_route=%2Fwp%2Fv2%2Fmedia&parent=60964"}],"wp:term":[{"taxonomy":"category","embeddable":true,"href":"https:\/\/dekkbi.com\/index.php?rest_route=%2Fwp%2Fv2%2Fcategories&post=60964"},{"taxonomy":"post_tag","embeddable":true,"href":"https:\/\/dekkbi.com\/index.php?rest_route=%2Fwp%2Fv2%2Ftags&post=60964"}],"curies":[{"name":"wp","href":"https:\/\/api.w.org\/{rel}","templated":true}]}}