{"id":60935,"date":"2025-08-01T13:39:21","date_gmt":"2025-08-01T13:39:21","guid":{"rendered":"https:\/\/dekkbi.com\/?p=60935"},"modified":"2025-08-01T13:39:22","modified_gmt":"2025-08-01T13:39:22","slug":"le-chef-detat-major-francais-alerte-sur-une-possible-attaque-russe-une-veritable-menace-dici-cinq-ans","status":"publish","type":"post","link":"https:\/\/dekkbi.com\/?p=60935","title":{"rendered":"Le chef d\u2019\u00e9tat-major fran\u00e7ais alerte sur une possible attaque russe: \u201cUne v\u00e9ritable menace d\u2019ici cinq ans\u201d"},"content":{"rendered":"\n<p>Le g\u00e9n\u00e9ral Thierry Burkhard va quitter ses fonctions de chef d\u2019\u00e9tat-major fran\u00e7ais \u00e0 la fin du mois d\u2019ao\u00fbt. Dans les colonnes du journal britannique The Economist, il a fait part de ses inqui\u00e9tudes concernant la Russie, qualifi\u00e9e de \u201cv\u00e9ritable menace\u201d pour l\u2019Europe d\u2019ici les cinq prochaines ann\u00e9es.<\/p>\n\n\n\n<p><strong>M.G\u00a0<\/strong>\u00a0<strong>Source:<\/strong>\u00a0The Economist<\/p>\n\n\n\n<p>Avant son d\u00e9part, le chef d\u2019\u00c9tat-Major fran\u00e7ais a fait part de sa m\u00e9fiance concernant le r\u00e9armement massif de la Russie, qui pourrait repr\u00e9senter une \u201cv\u00e9ritable menace\u201d pour l\u2019Europe d\u2019ici cinq ans.<\/p>\n\n\n\n<h2 class=\"wp-block-heading\">\u201cBesoin de Ferrari de temps en temps\u201d<\/h2>\n\n\n\n<p>\u201cLa Russie aura \u00e0 nouveau les moyens de repr\u00e9senter une menace militaire pour les pays occidentaux, et les pays europ\u00e9ens en particulier\u201d, estime le g\u00e9n\u00e9ral Thierry Burkhard. La Russie pr\u00e9voit effectivement de d\u00e9penser pr\u00e8s de 1.100 milliards de dollars pour se r\u00e9armer en pr\u00e9vision d\u2019une \u00e9ventuelle guerre \u00e0 grande \u00e9chelle.<\/p>\n\n\n\n<p>Selon lui, les arm\u00e9es europ\u00e9ennes vont devoir faire plus avec moins \u201cen prenant plus de risques et en \u00e9tant plus man\u0153uvrables\u201d. \u201cOn a besoin de Ferrari de temps en temps, mais on ne gagnera pas la guerre avec\u201d, pr\u00e9vient-il.<\/p>\n","protected":false},"excerpt":{"rendered":"<p>Le g\u00e9n\u00e9ral Thierry Burkhard va quitter ses fonctions de chef d\u2019\u00e9tat-major fran\u00e7ais \u00e0 la fin du mois d\u2019ao\u00fbt. Dans les<\/p>\n","protected":false},"author":1,"featured_media":60936,"comment_status":"open","ping_status":"open","sticky":false,"template":"","format":"standard","meta":{"footnotes":""},"categories":[51],"tags":[],"class_list":["post-60935","post","type-post","status-publish","format-standard","has-post-thumbnail","hentry","category-general"],"_links":{"self":[{"href":"https:\/\/dekkbi.com\/index.php?rest_route=\/wp\/v2\/posts\/60935","targetHints":{"allow":["GET"]}}],"collection":[{"href":"https:\/\/dekkbi.com\/index.php?rest_route=\/wp\/v2\/posts"}],"about":[{"href":"https:\/\/dekkbi.com\/index.php?rest_route=\/wp\/v2\/types\/post"}],"author":[{"embeddable":true,"href":"https:\/\/dekkbi.com\/index.php?rest_route=\/wp\/v2\/users\/1"}],"replies":[{"embeddable":true,"href":"https:\/\/dekkbi.com\/index.php?rest_route=%2Fwp%2Fv2%2Fcomments&post=60935"}],"version-history":[{"count":1,"href":"https:\/\/dekkbi.com\/index.php?rest_route=\/wp\/v2\/posts\/60935\/revisions"}],"predecessor-version":[{"id":60937,"href":"https:\/\/dekkbi.com\/index.php?rest_route=\/wp\/v2\/posts\/60935\/revisions\/60937"}],"wp:featuredmedia":[{"embeddable":true,"href":"https:\/\/dekkbi.com\/index.php?rest_route=\/wp\/v2\/media\/60936"}],"wp:attachment":[{"href":"https:\/\/dekkbi.com\/index.php?rest_route=%2Fwp%2Fv2%2Fmedia&parent=60935"}],"wp:term":[{"taxonomy":"category","embeddable":true,"href":"https:\/\/dekkbi.com\/index.php?rest_route=%2Fwp%2Fv2%2Fcategories&post=60935"},{"taxonomy":"post_tag","embeddable":true,"href":"https:\/\/dekkbi.com\/index.php?rest_route=%2Fwp%2Fv2%2Ftags&post=60935"}],"curies":[{"name":"wp","href":"https:\/\/api.w.org\/{rel}","templated":true}]}}