{"id":60895,"date":"2025-08-01T11:18:16","date_gmt":"2025-08-01T11:18:16","guid":{"rendered":"https:\/\/dekkbi.com\/?p=60895"},"modified":"2025-08-01T11:18:17","modified_gmt":"2025-08-01T11:18:17","slug":"promotion-des-pme-pmi-les-acteurs-du-pole-nord-consultes","status":"publish","type":"post","link":"https:\/\/dekkbi.com\/?p=60895","title":{"rendered":"Promotion des PME-PMI: les acteurs du P\u00f4le nord consult\u00e9s"},"content":{"rendered":"\n<p><strong>Pour l\u2019\u00e9laboration de la Strat\u00e9gie nationale de promotion et de d\u00e9veloppement des Pme\/Pmi 2025-2029, le minist\u00e8re de l\u2019Industrie et du Commerce, \u00e0 travers le secr\u00e9tariat d\u2019\u00c9tat au D\u00e9veloppement des Pme-Pmi, a lanc\u00e9, hier, jeudi 31 juillet, des concertations avec les acteurs \u00e9conomiques du P\u00f4le nord.<\/strong><\/p>\n\n\n\n<p>Apr\u00e8s Dakar, en f\u00e9vrier 2025, le minist\u00e8re de l\u2019Industrie et du Commerce, \u00e0 travers le secr\u00e9tariat d\u2019\u00c9tat au D\u00e9veloppement des Pme-Pmi, a lanc\u00e9, hier, jeudi 31 juillet, \u00e0 Saint-Louis, les consultations avec les acteurs du nord. L\u2019initiative entre dans le processus d\u2019\u00e9laboration de la Strat\u00e9gie nationale de promotion et de d\u00e9veloppement des Pme\/Pmi 2025-2029. \u00ab Aujourd\u2019hui, nous sommes ici dans le cadre du dialogue des groupes th\u00e9matiques pour donner la parole aux acteurs \u00e9conomiques du P\u00f4le nord, notamment de Saint-Louis et Louga \u00bb, a d\u00e9clar\u00e9 Ibrahima Thiam, secr\u00e9taire d\u2019\u00c9tat au D\u00e9veloppement des Pme-Pmi.<\/p>\n\n\n\n<p>L\u2019objectif de ces rencontres est de recueillir les pr\u00e9occupations locales, d\u2019identifier les leviers de croissance et de co-construire une strat\u00e9gie fond\u00e9e sur les r\u00e9alit\u00e9s du terrain. Parmi les th\u00e9matiques abord\u00e9es figurent l\u2019acc\u00e8s au financement, la comp\u00e9titivit\u00e9 des Pme-Pmi, l\u2019innovation ou encore l\u2019harmonisation des circuits d\u2019approvisionnement. Les pr\u00e9occupations soulev\u00e9es lors des dialogues ne resteront pas lettre morte, selon M. Thiam qui a insist\u00e9 sur le r\u00f4le central que doivent jouer les acteurs r\u00e9gionaux, en l\u2019occurrence les Agences r\u00e9gionales de D\u00e9veloppement. \u00ab Cette strat\u00e9gie va d\u00e9boucher sur des orientations op\u00e9rationnelles, des actions concr\u00e8tes et des r\u00e9formes. On parle ici de probl\u00e9matiques r\u00e9currentes : informatisation, acc\u00e8s au foncier, financement, etc. Nous allons les int\u00e9grer pour proposer des solutions concr\u00e8tes \u00bb, a affirm\u00e9 le Secr\u00e9taire d\u2019\u00c9tat. Il a rappel\u00e9 que cette d\u00e9marche s\u2019aligne sur l\u2019agenda national de transformation \u00e9conomique du S\u00e9n\u00e9gal, qui place le secteur priv\u00e9 au centre des priorit\u00e9s. \u00ab C\u2019est la premi\u00e8re fois que le S\u00e9n\u00e9gal va se doter d\u2019une strat\u00e9gie de r\u00e9forme structurelle sp\u00e9cifique aux Pme\/Pmi \u00bb, a ajout\u00e9 Ibrahima Thiam.<\/p>\n\n\n\n<p>Parmi les instruments pr\u00e9vus, le Guichet unique de financement (Guf Pme) occupe une place strat\u00e9gique. \u00ab Aujourd\u2019hui, 14 structures interviennent dans l\u2019accompagnement des Pme, mais elles ne se parlent pas. Il nous faut un guichet unique harmonis\u00e9, pr\u00e9sent dans toutes les r\u00e9gions, pour assurer un accompagnement global, de la formalisation \u00e0 l\u2019acc\u00e8s au financement \u00bb, a-t-il plaid\u00e9. Malgr\u00e9 leur r\u00f4le crucial dans le tissu \u00e9conomique, les Pme\/Pmi peinent \u00e0 acc\u00e9der au cr\u00e9dit bancaire. \u00ab Sur les 6000 milliards de FCfa de cr\u00e9dits bancaire au secteur priv\u00e9, seuls 9\u202f% vont aux Pme\/Pmi, soit \u00e0 peine 600 milliards de FCfa. Ce n\u2019est pas suffisant \u00bb, a alert\u00e9 M. Thiam.<\/p>\n\n\n\n<p>Pour y rem\u00e9dier, l\u2019\u00c9tat pr\u00e9voit un programme massif de financement s\u00e9curis\u00e9, port\u00e9 par l\u2019Agence de D\u00e9veloppement et d\u2019Encadrement des Petites et Moyennes entreprises (Adepme) et la Giz (Coop\u00e9ration allemande), afin de tripler les financements allou\u00e9s au secteur. \u00ab Nous visons les 3000 milliards de FCfa, mais cela n\u00e9cessite que les Pme soient mieux structur\u00e9es et plus comp\u00e9titives \u00bb, a soulign\u00e9 le secr\u00e9taire d\u2019\u00c9tat au D\u00e9veloppement des Pme-Pmi.<\/p>\n\n\n\n<p><strong>Jeanne SAGNA (Correspondante)<\/strong><\/p>\n\n\n\n<p>LESOLEIL<\/p>\n","protected":false},"excerpt":{"rendered":"<p>Pour l\u2019\u00e9laboration de la Strat\u00e9gie nationale de promotion et de d\u00e9veloppement des Pme\/Pmi 2025-2029, le minist\u00e8re de l\u2019Industrie et du<\/p>\n","protected":false},"author":1,"featured_media":56445,"comment_status":"open","ping_status":"open","sticky":false,"template":"","format":"standard","meta":{"footnotes":""},"categories":[3],"tags":[],"class_list":["post-60895","post","type-post","status-publish","format-standard","has-post-thumbnail","hentry","category-event-more-news"],"_links":{"self":[{"href":"https:\/\/dekkbi.com\/index.php?rest_route=\/wp\/v2\/posts\/60895","targetHints":{"allow":["GET"]}}],"collection":[{"href":"https:\/\/dekkbi.com\/index.php?rest_route=\/wp\/v2\/posts"}],"about":[{"href":"https:\/\/dekkbi.com\/index.php?rest_route=\/wp\/v2\/types\/post"}],"author":[{"embeddable":true,"href":"https:\/\/dekkbi.com\/index.php?rest_route=\/wp\/v2\/users\/1"}],"replies":[{"embeddable":true,"href":"https:\/\/dekkbi.com\/index.php?rest_route=%2Fwp%2Fv2%2Fcomments&post=60895"}],"version-history":[{"count":1,"href":"https:\/\/dekkbi.com\/index.php?rest_route=\/wp\/v2\/posts\/60895\/revisions"}],"predecessor-version":[{"id":60896,"href":"https:\/\/dekkbi.com\/index.php?rest_route=\/wp\/v2\/posts\/60895\/revisions\/60896"}],"wp:featuredmedia":[{"embeddable":true,"href":"https:\/\/dekkbi.com\/index.php?rest_route=\/wp\/v2\/media\/56445"}],"wp:attachment":[{"href":"https:\/\/dekkbi.com\/index.php?rest_route=%2Fwp%2Fv2%2Fmedia&parent=60895"}],"wp:term":[{"taxonomy":"category","embeddable":true,"href":"https:\/\/dekkbi.com\/index.php?rest_route=%2Fwp%2Fv2%2Fcategories&post=60895"},{"taxonomy":"post_tag","embeddable":true,"href":"https:\/\/dekkbi.com\/index.php?rest_route=%2Fwp%2Fv2%2Ftags&post=60895"}],"curies":[{"name":"wp","href":"https:\/\/api.w.org\/{rel}","templated":true}]}}