{"id":60893,"date":"2025-08-01T11:11:10","date_gmt":"2025-08-01T11:11:10","guid":{"rendered":"https:\/\/dekkbi.com\/?p=60893"},"modified":"2025-08-01T11:11:11","modified_gmt":"2025-08-01T11:11:11","slug":"preparatifs-du-magal-les-mises-en-garde-de-bass-abdou-khadre","status":"publish","type":"post","link":"https:\/\/dekkbi.com\/?p=60893","title":{"rendered":"Pr\u00e9paratifs du Magal : Les mises en garde de Bass Abdou Khadre"},"content":{"rendered":"\n<p>A un peu plus de 10 jours du Grand Magal de Touba, Cheikh Bassirou Mback\u00e9 Abdou Khadre, porte-parole du Khalife g\u00e9n\u00e9ral des Mourides et pr\u00e9sident du comit\u00e9 d\u2019organisation, a fait une d\u00e9claration tr\u00e8s ferme et une mise en garde sur des menaces pr\u00e9sum\u00e9es qui p\u00e8seraient sur la bonne tenue de l\u2019\u00e9v\u00e9nement. Il r\u00e9v\u00e8le, en marge d\u2019une c\u00e9r\u00e9monie de r\u00e9cital du Coran organis\u00e9e dans le cadre des activit\u00e9s officielles du comit\u00e9 d\u2019organisation, qu\u2019on lui a rapport\u00e9 de suppos\u00e9s plans de sabotage foment\u00e9s par \u00abdes individus tapis dans l\u2019ombre\u00bb. \u00abDes personnes m\u2019ont confi\u00e9 qu\u2019elles ont \u00e9t\u00e9 inform\u00e9es que des gens \u00e9taient en train de mijoter des plans&nbsp;pour saboter le Magal. Ces inqui\u00e9tudes les ont conduits \u00e0&nbsp; m\u2019interpeller et \u00e0 solliciter que j\u2019invite les autorit\u00e9s de l\u2019Etat&nbsp; \u00e0 un renforcement de la s\u00e9curit\u00e9 dans la cit\u00e9 religieuse\u00bb, expose le porte-parole de Touba.<\/p>\n\n\n\n<p>Par contre, Cheikh Bassirou rassure la communaut\u00e9 mouride et les p\u00e8lerins sur la tenue dans de bonnes conditions du Magal. \u00abJe demande \u00e0 tout le monde de rester serein et de ne nourrir aucune inqui\u00e9tude. Les tentatives de saboter le Magal sont d\u2019avance vou\u00e9es \u00e0 l\u2019\u00e9chec. Que ces forces occultes&nbsp;sachent que rien ni personne ne pourra entraver la r\u00e9ussite de cet \u00e9v\u00e9nement ou semer la zizanie \u00e0 Touba\u00bb, note-t-il.<\/p>\n\n\n\n<p><strong>Il invoque le pass\u00e9 pour balayer les craintes. \u00abEn 1989, lors du conflit<\/strong>&nbsp;diplomatique entre le S\u00e9n\u00e9gal et la Mauritanie, des rumeurs circulaient sur une pr\u00e9tendue implication de Saddam Hussein, du fait de son passage comme ambassadeur \u00e0 Nouakchott. Le Magal s\u2019est pourtant d\u00e9roul\u00e9 sans incident. En 2007, la visite annonc\u00e9e de Mouammar Khadafi avait soulev\u00e9 des r\u00e9serves ; l\u2019ancien Pr\u00e9sident Abdoulaye Wade avait m\u00eame inform\u00e9 Serigne Saliou de la volont\u00e9 du dirigeant libyen de diriger les pri\u00e8res. Finalement, la visite n\u2019a pas eu lieu. En 2015, face \u00e0 la mont\u00e9e des menaces terroristes, le ministre de l\u2019Int\u00e9rieur pr\u00e9voyait de s\u00e9curiser la Grande Mosqu\u00e9e, Cheikh Bassirou s\u2019\u00e9tait oppos\u00e9 \u00e0 une telle mesure, la jugeant inutile. En 2022, les autorit\u00e9s redoutaient l\u2019\u00e9clatement de troubles pouvant entra\u00eener pillages et incendies. Je leur avais dit que rien ne se passerait. Et effectivement, tout s\u2019est d\u00e9roul\u00e9 dans la paix\u00bb, rappelle la voix de Touba.<\/p>\n","protected":false},"excerpt":{"rendered":"<p>A un peu plus de 10 jours du Grand Magal de Touba, Cheikh Bassirou Mback\u00e9 Abdou Khadre, porte-parole du Khalife<\/p>\n","protected":false},"author":1,"featured_media":40086,"comment_status":"open","ping_status":"open","sticky":false,"template":"","format":"standard","meta":{"footnotes":""},"categories":[21],"tags":[],"class_list":["post-60893","post","type-post","status-publish","format-standard","has-post-thumbnail","hentry","category-societe"],"_links":{"self":[{"href":"https:\/\/dekkbi.com\/index.php?rest_route=\/wp\/v2\/posts\/60893","targetHints":{"allow":["GET"]}}],"collection":[{"href":"https:\/\/dekkbi.com\/index.php?rest_route=\/wp\/v2\/posts"}],"about":[{"href":"https:\/\/dekkbi.com\/index.php?rest_route=\/wp\/v2\/types\/post"}],"author":[{"embeddable":true,"href":"https:\/\/dekkbi.com\/index.php?rest_route=\/wp\/v2\/users\/1"}],"replies":[{"embeddable":true,"href":"https:\/\/dekkbi.com\/index.php?rest_route=%2Fwp%2Fv2%2Fcomments&post=60893"}],"version-history":[{"count":1,"href":"https:\/\/dekkbi.com\/index.php?rest_route=\/wp\/v2\/posts\/60893\/revisions"}],"predecessor-version":[{"id":60894,"href":"https:\/\/dekkbi.com\/index.php?rest_route=\/wp\/v2\/posts\/60893\/revisions\/60894"}],"wp:featuredmedia":[{"embeddable":true,"href":"https:\/\/dekkbi.com\/index.php?rest_route=\/wp\/v2\/media\/40086"}],"wp:attachment":[{"href":"https:\/\/dekkbi.com\/index.php?rest_route=%2Fwp%2Fv2%2Fmedia&parent=60893"}],"wp:term":[{"taxonomy":"category","embeddable":true,"href":"https:\/\/dekkbi.com\/index.php?rest_route=%2Fwp%2Fv2%2Fcategories&post=60893"},{"taxonomy":"post_tag","embeddable":true,"href":"https:\/\/dekkbi.com\/index.php?rest_route=%2Fwp%2Fv2%2Ftags&post=60893"}],"curies":[{"name":"wp","href":"https:\/\/api.w.org\/{rel}","templated":true}]}}