{"id":60890,"date":"2025-08-01T11:04:35","date_gmt":"2025-08-01T11:04:35","guid":{"rendered":"https:\/\/dekkbi.com\/?p=60890"},"modified":"2025-08-01T11:04:36","modified_gmt":"2025-08-01T11:04:36","slug":"air-senegal-remporte-son-bras-de-fer-judiciaire-contre-liata-la-justice-annule-les-saisies-de-fonds-et-ordonne-une-mainlevee-immediate","status":"publish","type":"post","link":"https:\/\/dekkbi.com\/?p=60890","title":{"rendered":"Air S\u00e9n\u00e9gal remporte son bras de fer judiciaire contre l\u2019IATA : La justice annule les saisies de fonds et ordonne une mainlev\u00e9e imm\u00e9diate"},"content":{"rendered":"\n<p>Le vent tourne en faveur d\u2019Air S\u00e9n\u00e9gal SA dans le diff\u00e9rend judiciaire qui l\u2019oppose \u00e0 l\u2019IATA (Association du transport a\u00e9rien international) et \u00e0 plusieurs soci\u00e9t\u00e9s de leasing a\u00e9rien. La compagnie nationale vient d\u2019obtenir gain de cause devant le Tribunal de Commerce de Dakar, qui a prononc\u00e9, ce 30 juillet 2025, l\u2019annulation pure et simple des saisies pratiqu\u00e9es sur ses fonds et ordonn\u00e9 leur mainlev\u00e9e imm\u00e9diate.<br><br>Tout est parti d\u2019un bras de fer initi\u00e9 le 14 avril dernier, lorsque des saisies conservatoires avaient \u00e9t\u00e9 op\u00e9r\u00e9es par l\u2019IATA, via le syst\u00e8me BSP (Billing and Settlement Plan), dans le cadre d\u2019un litige opposant Air S\u00e9n\u00e9gal au loueur Carlyle Aviation. Cette r\u00e9tention jug\u00e9e \u00ab d\u00e9lib\u00e9r\u00e9e \u00bb par Air S\u00e9n\u00e9gal avait entra\u00een\u00e9 une suspension de ses revenus issus de la vente de billets, fragilisant temporairement sa tr\u00e9sorerie.<br><br>Mais face \u00e0 ce qu\u2019elle a qualifi\u00e9 de \u00ab mesures ill\u00e9gales \u00bb, la compagnie nationale s\u00e9n\u00e9galaise n\u2019a pas crois\u00e9 les bras. Elle a saisi la justice s\u00e9n\u00e9galaise, arguant de son droit \u00e0 contester ces saisies. Et la r\u00e9ponse du tribunal est sans \u00e9quivoque.<br><br><strong>Une d\u00e9cision claire en faveur d\u2019Air S\u00e9n\u00e9gal<\/strong><br><br>Le Tribunal de Commerce a d\u2019abord jug\u00e9 recevable l\u2019action introduite par Air S\u00e9n\u00e9gal SA, validant sa capacit\u00e9 juridique \u00e0 contester les actes entrepris contre elle. Mieux encore, il a d\u00e9clar\u00e9 nulles les saisies op\u00e9r\u00e9es les 14 avril et 1er juillet 2025, soulignant leur irr\u00e9gularit\u00e9.<br><br>Dans sa d\u00e9cision, la juridiction a ordonn\u00e9 la mainlev\u00e9e imm\u00e9diate des saisies pratiqu\u00e9es sur les recettes commerciales de la compagnie. Elle a assorti cette d\u00e9cision d\u2019une astreinte de 5 millions de FCFA par jour de retard contre l\u2019IATA en cas de non-ex\u00e9cution, d\u00e9montrant ainsi la volont\u00e9 ferme de garantir une restitution rapide des fonds.<br><br><strong>Des loueurs d\u2019avion condamn\u00e9s aux d\u00e9pens<\/strong><br><br>Ce jugement concerne \u00e9galement les soci\u00e9t\u00e9s partenaires impliqu\u00e9es dans le litige, \u00e0 savoir Aergen Aircraft Twenty Limited, Sasof III (A2) Aviation Ireland Dac et CALF (A2). Celles-ci ont \u00e9t\u00e9 condamn\u00e9es aux d\u00e9pens, une mani\u00e8re de valider la solidit\u00e9 juridique de la d\u00e9fense d\u2019Air S\u00e9n\u00e9gal tout en engageant la responsabilit\u00e9 financi\u00e8re de ces entit\u00e9s.<br><br><strong>Air S\u00e9n\u00e9gal se dit \u00ab renforc\u00e9e \u00bb et engag\u00e9e aupr\u00e8s des passagers<\/strong><br><br>Dans un communiqu\u00e9 transmis \u00e0 la r\u00e9daction de Dakaractu, Air S\u00e9n\u00e9gal SA s\u2019est f\u00e9licit\u00e9e de cette d\u00e9cision de justice qui \u00ab r\u00e9tablit ses droits et conforte sa position dans ce litige \u00bb. La compagnie a \u00e9galement r\u00e9affirm\u00e9 son engagement \u00e0 assurer la continuit\u00e9 de ses op\u00e9rations, mettant en avant la protection de ses passagers et de ses int\u00e9r\u00eats strat\u00e9giques.<\/p>\n\n\n\n<p>SOURCE DAKARACTU<\/p>\n","protected":false},"excerpt":{"rendered":"<p>Le vent tourne en faveur d\u2019Air S\u00e9n\u00e9gal SA dans le diff\u00e9rend judiciaire qui l\u2019oppose \u00e0 l\u2019IATA (Association du transport a\u00e9rien<\/p>\n","protected":false},"author":1,"featured_media":60891,"comment_status":"open","ping_status":"open","sticky":false,"template":"","format":"standard","meta":{"footnotes":""},"categories":[3],"tags":[],"class_list":["post-60890","post","type-post","status-publish","format-standard","has-post-thumbnail","hentry","category-event-more-news"],"_links":{"self":[{"href":"https:\/\/dekkbi.com\/index.php?rest_route=\/wp\/v2\/posts\/60890","targetHints":{"allow":["GET"]}}],"collection":[{"href":"https:\/\/dekkbi.com\/index.php?rest_route=\/wp\/v2\/posts"}],"about":[{"href":"https:\/\/dekkbi.com\/index.php?rest_route=\/wp\/v2\/types\/post"}],"author":[{"embeddable":true,"href":"https:\/\/dekkbi.com\/index.php?rest_route=\/wp\/v2\/users\/1"}],"replies":[{"embeddable":true,"href":"https:\/\/dekkbi.com\/index.php?rest_route=%2Fwp%2Fv2%2Fcomments&post=60890"}],"version-history":[{"count":1,"href":"https:\/\/dekkbi.com\/index.php?rest_route=\/wp\/v2\/posts\/60890\/revisions"}],"predecessor-version":[{"id":60892,"href":"https:\/\/dekkbi.com\/index.php?rest_route=\/wp\/v2\/posts\/60890\/revisions\/60892"}],"wp:featuredmedia":[{"embeddable":true,"href":"https:\/\/dekkbi.com\/index.php?rest_route=\/wp\/v2\/media\/60891"}],"wp:attachment":[{"href":"https:\/\/dekkbi.com\/index.php?rest_route=%2Fwp%2Fv2%2Fmedia&parent=60890"}],"wp:term":[{"taxonomy":"category","embeddable":true,"href":"https:\/\/dekkbi.com\/index.php?rest_route=%2Fwp%2Fv2%2Fcategories&post=60890"},{"taxonomy":"post_tag","embeddable":true,"href":"https:\/\/dekkbi.com\/index.php?rest_route=%2Fwp%2Fv2%2Ftags&post=60890"}],"curies":[{"name":"wp","href":"https:\/\/api.w.org\/{rel}","templated":true}]}}