{"id":60860,"date":"2025-07-31T15:40:32","date_gmt":"2025-07-31T15:40:32","guid":{"rendered":"https:\/\/dekkbi.com\/?p=60860"},"modified":"2025-07-31T15:40:33","modified_gmt":"2025-07-31T15:40:33","slug":"concours-general-2025-une-edition-tournee-vers-lavenir-numerique","status":"publish","type":"post","link":"https:\/\/dekkbi.com\/?p=60860","title":{"rendered":"Concours g\u00e9n\u00e9ral 2025 : Une \u00e9dition tourn\u00e9e vers l\u2019avenir num\u00e9rique"},"content":{"rendered":"\n<p>La R\u00e9publique du S\u00e9n\u00e9gal c\u00e9l\u00e8bre ce jeudi 31 juillet 2025 l\u2019excellence scolaire \u00e0 travers la traditionnelle c\u00e9r\u00e9monie de remise des prix du concours g\u00e9n\u00e9ral. L\u2019\u00e9v\u00e9nement se tient au Grand Th\u00e9\u00e2tre national Doudou Ndiaye Coumba Rose et se d\u00e9roule sous la pr\u00e9sidence effective du pr\u00e9sident Bassirou Diomaye Faye, en pr\u00e9sence de nombreuses autorit\u00e9s administratives, \u00e9ducatives et diplomatiques. La participation du chef de l\u2019\u00c9tat traduit l\u2019importance qu\u2019il accorde \u00e0 l\u2019\u00e9ducation, socle du d\u00e9veloppement national.<\/p>\n\n\n\n<p>Le th\u00e8me choisi cette ann\u00e9e : \u00ab Transformation humaniste de l\u2019\u00e9ducation \u00e0 l\u2019\u00e8re du num\u00e9rique et de l\u2019intelligence artificielle : enjeux, d\u00e9fis et perspectives \u00bb, refl\u00e8te une volont\u00e9 d\u2019adapter l\u2019\u00e9cole s\u00e9n\u00e9galaise aux profondes mutations technologiques du monde. Il met l\u2019accent sur la n\u00e9cessit\u00e9 d\u2019une \u00e9ducation qui forme non seulement des comp\u00e9tences techniques, mais aussi des citoyens \u00e9thiques, critiques et ouverts au changement.<\/p>\n\n\n\n<p>&nbsp;<strong>M. Andr\u00e9 Sonko, une figure de l&rsquo;\u00e9cole s\u00e9n\u00e9galaise \u00e0 l&rsquo;honneur&nbsp;<\/strong><\/p>\n\n\n\n<p>Cette \u00e9dition 2025 est parrain\u00e9e par Monsieur\u00a0Andr\u00e9 SONKO, un profil qui transcende les clivages politiques. Administrateur civil, il fut ministre de l&rsquo;\u00e9ducation nationale de 1991 \u00e0 2000 et a occup\u00e9 de nombreuses fonctions cl\u00e9s sous les pr\u00e9sidences d\u2019Abdou Diouf, Abdoulaye Wade et Macky Sall. Il a notamment \u00e9t\u00e9 secr\u00e9taire g\u00e9n\u00e9ral du Gouvernement,<strong><em>\u00a0<\/em><\/strong>ministre<strong>\u00a0<\/strong>de l\u2019Int\u00e9rieur, ministre de la Fonction publique et ministre conseiller.<\/p>\n\n\n\n<p>Au-del\u00e0 de ses fonctions minist\u00e9rielles, Andr\u00e9 Sonko reste un acteur engag\u00e9 du monde \u00e9ducatif. Depuis 2016, il est le directeur des\u00a0cours Sainte Marie de Hann,\u00a0l\u2019un des \u00e9tablissements les plus r\u00e9put\u00e9s du pays. Entre 2017 et 2021, il a pr\u00e9sid\u00e9 le jury national du Grand Prix du Chef de l\u2019\u00c9tat pour l\u2019Enseignant, confirmant ainsi sa proximit\u00e9 avec les acteurs de terrain.<\/p>\n\n\n\n<p>Andr\u00e9 Sonko, un homme a plusieurs distinctions honorifiques qui t\u00e9moignent de son engagement, est titulaire de:&nbsp;<\/p>\n\n\n\n<p>Chevalier de l\u2019Ordre du M\u00e9rite (S\u00e9n\u00e9gal)<\/p>\n\n\n\n<p>Commandeur des Palmes acad\u00e9miques (France)<\/p>\n\n\n\n<p>Officier de la L\u00e9gion d\u2019Honneur (France)<\/p>\n\n\n\n<p>Commandeur de l\u2019Ordre national de Cor\u00e9e (S\u00e9oul)<\/p>\n\n\n\n<p>Chevalier de l\u2019Ordre de Malte<\/p>\n\n\n\n<p>Le concours g\u00e9n\u00e9ral est bien plus qu\u2019une comp\u00e9tition scolaire. Il est un symbole d\u2019excellence, un rendez-vous de l&rsquo;\u00e9lite \u00e9ducative s\u00e9n\u00e9galaise et une source d\u2019inspiration pour toute une g\u00e9n\u00e9ration. A travers cette c\u00e9l\u00e9bration, l&rsquo;\u00c9tat r\u00e9affirme son attachement \u00e0 une \u00e9cole de m\u00e9rite, d&rsquo;\u00e9galit\u00e9 des chances et de modernit\u00e9.&nbsp;<\/p>\n\n\n\n<p>Fatou THIAM (Stagiaire)&nbsp;<\/p>\n","protected":false},"excerpt":{"rendered":"<p>La R\u00e9publique du S\u00e9n\u00e9gal c\u00e9l\u00e8bre ce jeudi 31 juillet 2025 l\u2019excellence scolaire \u00e0 travers la traditionnelle c\u00e9r\u00e9monie de remise des<\/p>\n","protected":false},"author":1,"featured_media":60861,"comment_status":"open","ping_status":"open","sticky":false,"template":"","format":"standard","meta":{"footnotes":""},"categories":[21],"tags":[],"class_list":["post-60860","post","type-post","status-publish","format-standard","has-post-thumbnail","hentry","category-societe"],"_links":{"self":[{"href":"https:\/\/dekkbi.com\/index.php?rest_route=\/wp\/v2\/posts\/60860","targetHints":{"allow":["GET"]}}],"collection":[{"href":"https:\/\/dekkbi.com\/index.php?rest_route=\/wp\/v2\/posts"}],"about":[{"href":"https:\/\/dekkbi.com\/index.php?rest_route=\/wp\/v2\/types\/post"}],"author":[{"embeddable":true,"href":"https:\/\/dekkbi.com\/index.php?rest_route=\/wp\/v2\/users\/1"}],"replies":[{"embeddable":true,"href":"https:\/\/dekkbi.com\/index.php?rest_route=%2Fwp%2Fv2%2Fcomments&post=60860"}],"version-history":[{"count":1,"href":"https:\/\/dekkbi.com\/index.php?rest_route=\/wp\/v2\/posts\/60860\/revisions"}],"predecessor-version":[{"id":60862,"href":"https:\/\/dekkbi.com\/index.php?rest_route=\/wp\/v2\/posts\/60860\/revisions\/60862"}],"wp:featuredmedia":[{"embeddable":true,"href":"https:\/\/dekkbi.com\/index.php?rest_route=\/wp\/v2\/media\/60861"}],"wp:attachment":[{"href":"https:\/\/dekkbi.com\/index.php?rest_route=%2Fwp%2Fv2%2Fmedia&parent=60860"}],"wp:term":[{"taxonomy":"category","embeddable":true,"href":"https:\/\/dekkbi.com\/index.php?rest_route=%2Fwp%2Fv2%2Fcategories&post=60860"},{"taxonomy":"post_tag","embeddable":true,"href":"https:\/\/dekkbi.com\/index.php?rest_route=%2Fwp%2Fv2%2Ftags&post=60860"}],"curies":[{"name":"wp","href":"https:\/\/api.w.org\/{rel}","templated":true}]}}