{"id":60857,"date":"2025-07-31T15:35:43","date_gmt":"2025-07-31T15:35:43","guid":{"rendered":"https:\/\/dekkbi.com\/?p=60857"},"modified":"2025-07-31T15:35:44","modified_gmt":"2025-07-31T15:35:44","slug":"les-deputes-rwandais-approuvent-a-lunanimite-laccord-de-paix-avec-la-rdc","status":"publish","type":"post","link":"https:\/\/dekkbi.com\/?p=60857","title":{"rendered":"Les d\u00e9put\u00e9s rwandais approuvent \u00e0 l&rsquo;unanimit\u00e9 l\u2019accord de paix avec la RDC"},"content":{"rendered":"\n<p>Lors d&rsquo;un vote organis\u00e9 ce mercredi 30 juillet \u00e0 Kigali, tous les d\u00e9put\u00e9s rwandais ont endoss\u00e9 l&rsquo;accord de paix avec la RDC sign\u00e9 sous l&rsquo;\u00e9gide des \u00c9tats-Unis, le 27 juin dernier, \u00e0 Washington.<\/p>\n\n\n\n<p>L\u2019accord de paix sign\u00e9 le 27 juin dernier \u00e0 Washington entre le\u00a0<strong>Rwanda<\/strong>\u00a0et la\u00a0<strong>RDC<\/strong>\u00a0franchit une nouvelle \u00e9tape \u00e0 Kigali. Le texte, qui avait d\u00e9j\u00e0 re\u00e7u l&rsquo;aval du Conseil des ministres, a \u00e9t\u00e9 approuv\u00e9 par l\u2019Assembl\u00e9e nationale rwandaise, ce mercredi 30 juillet.\u00a0<\/p>\n\n\n\n<p>Dans une forme de pl\u00e9biscite,&nbsp;les d\u00e9put\u00e9s l&rsquo;ont endoss\u00e9 \u00e0 l&rsquo;unanimit\u00e9, apr\u00e8s avoir \u00e9cout\u00e9 le ministre des Affaires \u00e9trang\u00e8res, Olivier Nduhungirehe, qui&nbsp;a rappel\u00e9 que les mesures de d\u00e9fense rwandaises ne seraient pas lev\u00e9es tant que le groupe FDLR ne serait pas d\u00e9mantel\u00e9, d\u00e9taillant au passage le processus attendu pour y parvenir.<\/p>\n\n\n\n<p>Ajoutant que le Rwanda n&rsquo;allait \u00ab\u00a0<em>pas rester assis \u00e0 attendre que des gens viennent commettre les m\u00eames actes qu\u2019en 1994<\/em>\u00a0\u00bb, celui-ci a \u00e9galement indiqu\u00e9 que son pays attendait des m\u00e9diateurs qu\u2019ils intensifient leurs efforts en vue de pousser Kinshasa \u00e0 appliquer l\u2019accord conclu sous l&rsquo;\u00e9gide des\u00a0<strong>\u00c9tats-Unis<\/strong>. Approuv\u00e9 par l\u2019Assembl\u00e9e, le texte doit maintenant \u00eatre examin\u00e9 par le S\u00e9nat rwandais.<\/p>\n\n\n\n<h2 class=\"wp-block-heading\">Un accord encore attendu par l&rsquo;Assembl\u00e9e congolaise<\/h2>\n\n\n\n<p>Si, c\u00f4t\u00e9 congolais, il n&rsquo;a en revanche pas encore \u00e9t\u00e9 transmis au Parlement actuellement en vacances et qu&rsquo;\u00e0 ce stade, aucune communication officielle n\u2019a \u00e9t\u00e9 faite en ce sens, des d\u00e9put\u00e9s ont toutefois demand\u00e9 \u00e0 ce qu&rsquo;il soit inscrit \u00e0 l&rsquo;ordre du jour.&nbsp;<\/p>\n\n\n\n<p>L&rsquo;adoption de l&rsquo;accord de paix avec la RDC par la chambre basse rwandaise intervient alors que des repr\u00e9sentants des deux pays doivent se retrouver cette semaine \u00e0 Washington pour la premi\u00e8re r\u00e9union du comit\u00e9 de surveillance conjointe. Mise sur pied par le texte, cette&nbsp;instance cl\u00e9 est notamment charg\u00e9e de recevoir les plaintes, d&rsquo;examiner les accusations de violations de l\u2019accord de paix, de r\u00e9soudre les diff\u00e9rends et, si n\u00e9cessaire, de proposer des mesures concr\u00e8tes.<\/p>\n\n\n\n<p>SOURCE RFI<\/p>\n","protected":false},"excerpt":{"rendered":"<p>Lors d&rsquo;un vote organis\u00e9 ce mercredi 30 juillet \u00e0 Kigali, tous les d\u00e9put\u00e9s rwandais ont endoss\u00e9 l&rsquo;accord de paix avec<\/p>\n","protected":false},"author":1,"featured_media":60858,"comment_status":"open","ping_status":"open","sticky":false,"template":"","format":"standard","meta":{"footnotes":""},"categories":[51],"tags":[],"class_list":["post-60857","post","type-post","status-publish","format-standard","has-post-thumbnail","hentry","category-general"],"_links":{"self":[{"href":"https:\/\/dekkbi.com\/index.php?rest_route=\/wp\/v2\/posts\/60857","targetHints":{"allow":["GET"]}}],"collection":[{"href":"https:\/\/dekkbi.com\/index.php?rest_route=\/wp\/v2\/posts"}],"about":[{"href":"https:\/\/dekkbi.com\/index.php?rest_route=\/wp\/v2\/types\/post"}],"author":[{"embeddable":true,"href":"https:\/\/dekkbi.com\/index.php?rest_route=\/wp\/v2\/users\/1"}],"replies":[{"embeddable":true,"href":"https:\/\/dekkbi.com\/index.php?rest_route=%2Fwp%2Fv2%2Fcomments&post=60857"}],"version-history":[{"count":1,"href":"https:\/\/dekkbi.com\/index.php?rest_route=\/wp\/v2\/posts\/60857\/revisions"}],"predecessor-version":[{"id":60859,"href":"https:\/\/dekkbi.com\/index.php?rest_route=\/wp\/v2\/posts\/60857\/revisions\/60859"}],"wp:featuredmedia":[{"embeddable":true,"href":"https:\/\/dekkbi.com\/index.php?rest_route=\/wp\/v2\/media\/60858"}],"wp:attachment":[{"href":"https:\/\/dekkbi.com\/index.php?rest_route=%2Fwp%2Fv2%2Fmedia&parent=60857"}],"wp:term":[{"taxonomy":"category","embeddable":true,"href":"https:\/\/dekkbi.com\/index.php?rest_route=%2Fwp%2Fv2%2Fcategories&post=60857"},{"taxonomy":"post_tag","embeddable":true,"href":"https:\/\/dekkbi.com\/index.php?rest_route=%2Fwp%2Fv2%2Ftags&post=60857"}],"curies":[{"name":"wp","href":"https:\/\/api.w.org\/{rel}","templated":true}]}}