{"id":60855,"date":"2025-07-31T11:03:16","date_gmt":"2025-07-31T11:03:16","guid":{"rendered":"https:\/\/dekkbi.com\/?p=60855"},"modified":"2025-07-31T16:30:21","modified_gmt":"2025-07-31T16:30:21","slug":"en-cote-divoire-comment-lopposition-percoit-elle-la-nouvelle-candidature-dalassane-ouattara","status":"publish","type":"post","link":"https:\/\/dekkbi.com\/?p=60855","title":{"rendered":"C\u00f4te d&rsquo;Ivoire, comment l\u2019opposition per\u00e7oit la candidature de Ouattara?"},"content":{"rendered":"\n<p>Sans surprise, le pr\u00e9sident Alassane Ouattara est de nouveau candidat \u00e0 sa propre succession pour l\u2019\u00e9lection pr\u00e9vue le 25 octobre 2025. S\u2019il l\u2019emporte, le chef d\u2019\u00c9tat ivoirien octog\u00e9naire gouvernerait le pays pour un quatri\u00e8me mandat. Un quinquennat suppl\u00e9mentaire que ses adversaires politiques jugent&nbsp; \u00ab&nbsp;<em>inconstitutionnel<\/em>&nbsp;\u00bb et \u00ab&nbsp;<em>ill\u00e9gal<\/em>&nbsp;\u00bb.<\/p>\n\n\n\n<p><strong>Par : Sidy Yansan\u00e9 -RFI &#8211;<\/strong> Comme en\u00a0<strong>2020<\/strong>, on soup\u00e7onnait une annonce lors de l\u2019allocution pr\u00e9sidentielle du 6 ao\u00fbt, veille de la f\u00eate nationale, c\u2019est finalement par une simple vid\u00e9o post\u00e9e sur ses r\u00e9seaux sociaux qu\u2019<strong>Alassane Ouattara<\/strong>\u00a0a\u00a0<strong>confirm\u00e9 sa candidature<\/strong>, une semaine avant l\u2019anniversaire de l&rsquo;ind\u00e9pendance de la\u00a0<strong>C\u00f4te d\u2019Ivoire<\/strong>.\u00a0\u00ab\u00a0<em>Je suis candidat parce que la Constitution de notre pays m\u2019autorise \u00e0 faire un autre mandat et ma sant\u00e9 le permet<\/em>\u00a0\u00bb, justifie le chef de l\u2019\u00c9tat \u00e2g\u00e9 de 83 ans.<\/p>\n\n\n\n<p>\u00c0 peu de chose pr\u00e8s, les \u00e9tapes ayant conduit \u00e0 cette annonce sont similaires \u00e0 celle de 2020 : les \u00e9lus et militants du parti au pouvoir RHDP se sont r\u00e9unis \u00e0 Abidjan en congr\u00e8s pour d\u00e9signer le pr\u00e9sident sortant comme leur seul candidat, et ce dernier a r\u00e9pondu qu\u2019il rendrait sa d\u00e9cision dans les jours \u00e0 venir.&nbsp;Mais cette ann\u00e9e, le RHDP a fait les choses en grand, puisque le congr\u00e8s de \u00ab&nbsp;<em>d\u00e9signation<\/em>&nbsp;\u00bb de son candidat a rempli le stade Ebimp\u00e9 et ses 60&nbsp;000 places&nbsp;: une d\u00e9monstration de force politique qui contraste avec la sobri\u00e9t\u00e9 de l\u2019annonce de candidature d&rsquo;Alassane Ouattara.&nbsp;<\/p>\n\n\n\n<p>Hormis la forme, le fond du discours du dirigeant ivoirien n\u2019a rien d\u2019une surprise, analyse le chercheur Geoffroy-Julien Kouao&nbsp;: \u00ab&nbsp;<em>Seulement trois mois&nbsp;nous s\u00e9parent du 25 octobre, jour du scrutin. On ne pouvait pas penser \u00e0 autre chose qu\u2019une candidature d\u2019Alassane Ouattara.<\/em>&nbsp;\u00bb Et le pr\u00e9sident n\u2019a favoris\u00e9 l\u2019\u00e9mergence d\u2019aucun favori ou dauphin au sein de sa formation politique.&nbsp;<\/p>\n\n\n\n<p>Contrairement \u00e0 la pr\u00e9sidentielle de 2020, lors de laquelle Alassane Ouattara a d\u00e9fendu sa candidature \u00e0 un troisi\u00e8me mandat controvers\u00e9 &#8211; ou le premier mandat de la III\u00e8me R\u00e9publique selon la rh\u00e9torique de ses soutiens &#8211; par la disparition soudaine de son poulain et ancien Premier ministre Amadou Gon Coulibaly, le pr\u00e9sident ivoirien motive ce quatri\u00e8me quinquennat par<em>&nbsp;<\/em>\u00ab&nbsp;<em>les d\u00e9fis s\u00e9curitaires, \u00e9conomiques et mon\u00e9taires sans pr\u00e9c\u00e9dent dont la gestion n\u00e9cessite de l\u2019exp\u00e9rience&nbsp;\u00bb.&nbsp;<\/em>\u00ab&nbsp;<em>En effet,<\/em>&nbsp;insiste-t-il,&nbsp;<em>la menace terroriste grandit dans la sous-r\u00e9gion et les incertitudes \u00e9conomiques au niveau international constituent un risque pour notre pays.<\/em>&nbsp;\u00bb<\/p>\n\n\n\n<h2 class=\"wp-block-heading\">\u00ab&nbsp;<em>Une violation de la Constitution et une nouvelle attaque contre&nbsp;la&nbsp;d\u00e9mocratie<\/em>&nbsp;\u00bb<\/h2>\n\n\n\n<p>\u00ab&nbsp;<em>N&rsquo;oublions pas qu\u2019en 2016, la C\u00f4te d&rsquo;Ivoire a elle-m\u00eame \u00e9t\u00e9 attaqu\u00e9e par les groupes jihadistes \u00e0 Grand-Bassam, et on le sait tr\u00e8s bien, au nord de la C\u00f4te d&rsquo;Ivoire, que ce soit au Burkina Faso ou au Mali, le terrorisme est toujours pr\u00e9sent<\/em>&nbsp;\u00bb, appuie Geoffroy-Julien Kouao. Mais l\u2019argument s\u00e9curitaire p\u00e8se peu aux yeux des adversaires du pr\u00e9sident octog\u00e9naire. \u00ab&nbsp;<em>Pour l&rsquo;opposition, c&rsquo;est un mandat de trop qui viole les dispositions pertinentes de la Constitution, ce que ne partage pas \u00e9videmment le Conseil constitutionnel dans sa d\u00e9cision de 2020. Donc, la bataille sera non seulement politique, mais \u00e9galement juridique<\/em>&nbsp;\u00bb, conclut le chercheur.<\/p>\n\n\n\n<p>\u00c0 la diff\u00e9rence de 2020, peu &#8211;&nbsp;voire pas&nbsp;&#8211; de figures au sein du RHDP et de ses alli\u00e9s n\u2019ont contest\u00e9 la d\u00e9cision de leur pr\u00e9sident. Le ministre et porte-parole du parti Mamadou Tour\u00e9 a remerci\u00e9 son mentor d\u2019avoir \u00ab&nbsp;<em>r\u00e9pondu favorablement \u00e0 l\u2019appel des Ivoiriens<\/em>&nbsp;\u00bb, et le secr\u00e9taire ex\u00e9cutif Ibrahima Ciss\u00e9 Bacongo a exprim\u00e9&nbsp; \u00ab&nbsp;<em>une immense fiert\u00e9 et une profonde satisfaction<\/em>&nbsp;\u00bb.&nbsp;<\/p>\n\n\n\n<p>En face,\u00a0<strong>Tidjane Thiam<\/strong>\u00a0fustige\u00a0\u00ab<em>\u00a0une violation de la Constitution et une nouvelle attaque contre\u00a0la\u00a0d\u00e9mocratie\u00a0<\/em>\u00bb. Le nouveau pr\u00e9sident du PDCI-RDA ne dig\u00e8re pas sa radiation surprise des listes \u00e9lectorales, et donc son exclusion de fait \u00e0 la course pr\u00e9sidentielle. Trois jours avant l\u2019annonce de la candidature d&rsquo;Alassane Ouattara, son principal challenger assurait faire l\u2019objet\u00a0\u00ab\u00a0<em>de menaces physiques par des voix autoris\u00e9es<\/em>\u00a0\u00bb\u00a0et risquer une arrestation s\u2019il rentre en C\u00f4te d\u2019Ivoire, lors d&rsquo;une interview sur Afo M\u00e9dia. Tout cela en rejetant fermement tout \u00ab\u00a0<em>plan B<\/em>\u00a0\u00bb \u00e0 sa candidature sous les couleurs du PDCI.<\/p>\n\n\n\n<h2 class=\"wp-block-heading\">&nbsp;\u00ab&nbsp;<em>Une page tr\u00e8s noire pour l\u2019\u00c9tat de droit<\/em>&nbsp;\u00bb<\/h2>\n\n\n\n<p>Dans la maison Gbagbo &#8211; l\u2019ex-chef d\u2019\u00c9tat est, lui aussi, rendu in\u00e9ligible par une condamnation de justice -,<strong>\u00a0le vice-pr\u00e9sident du conseil strat\u00e9gique et politique du\u00a0PPA-CI, Damana Pickass<\/strong>,\u00a0d\u00e9crit cette tentative de quatri\u00e8me mandat comme\u00a0\u00ab\u00a0<em>une page tr\u00e8s noire pour l\u2019\u00c9tat de droit et la d\u00e9mocratie en C\u00f4te d\u2019Ivoire\u00a0<\/em>\u00bb<em>.\u00a0<\/em>La nouvelle formation politique de Laurent Gbagbo compare cette d\u00e9cision \u00e0\u00a0\u00ab\u00a0<em>un coup d&rsquo;\u00c9tat\u00a0<\/em>\u00bb.<\/p>\n\n\n\n<p>Chez le FPI, l\u2019ancien parti historique d\u2019opposition d\u00e9sormais dirig\u00e9 par Pascal Affi N\u2019Guessan, cette\u00a0\u00ab\u00a0<em>quatri\u00e8me candidature est aussi ill\u00e9gale que la troisi\u00e8me<\/em>\u00a0\u00bb. L\u2019ex-Premier ministre de Laurent Gbagbo consid\u00e8re qu\u2019il s\u2019agit d\u2019\u00ab\u00a0<em>une candidature qui d\u00e9\u00e7oit, car elle refl\u00e8te une personnalit\u00e9 peu fiable et qui ne respecte pas sa parole<\/em>\u00a0\u00bb<em>.<\/em>\u00a0Cela faisant\u00a0r\u00e9f\u00e9rence \u00e0 l\u2019engagement du chef de l\u2019\u00c9tat au premier trimestre 2020 de ne pas aller au-del\u00e0 de deux mandats, et\u00a0<strong>sa d\u00e9claration<\/strong>\u00a0en pleine campagne \u00e9lectorale quelques mois plus tard : \u00ab<em>\u00a0Il me serait difficile, m\u00eame impossible, d\u2019\u00eatre candidat en 2025.\u00a0<\/em>\u00bb\u00a0<\/p>\n\n\n\n<p>\u00ab&nbsp;<em>Le pr\u00e9sident Ouattara est devenu plus un probl\u00e8me qu\u2019une solution pour la C\u00f4te d\u2019Ivoire et toute la sous-r\u00e9gion<\/em>&nbsp;\u00bb, rench\u00e9rit Affi N\u2019Guessan, dont le parti s\u2019est alli\u00e9 au RHDP durant une br\u00e8ve p\u00e9riode.<\/p>\n\n\n\n<p>M\u00eame tonalit\u00e9 du c\u00f4t\u00e9 de\u00a0<strong>Guillaume Soro, exil\u00e9 depuis 2019<\/strong>. Pour l\u2019ex-chef rebelle, chef de gouvernement puis pr\u00e9sident de l\u2019Assembl\u00e9e nationale, son ancien alli\u00e9 foule les principes les plus \u00e9l\u00e9mentaires de la d\u00e9mocratie.<\/p>\n","protected":false},"excerpt":{"rendered":"<p>Sans surprise, le pr\u00e9sident Alassane Ouattara est de nouveau candidat \u00e0 sa propre succession pour l\u2019\u00e9lection pr\u00e9vue le 25 octobre<\/p>\n","protected":false},"author":1,"featured_media":58147,"comment_status":"open","ping_status":"open","sticky":false,"template":"","format":"standard","meta":{"footnotes":""},"categories":[51],"tags":[],"class_list":["post-60855","post","type-post","status-publish","format-standard","has-post-thumbnail","hentry","category-general"],"_links":{"self":[{"href":"https:\/\/dekkbi.com\/index.php?rest_route=\/wp\/v2\/posts\/60855","targetHints":{"allow":["GET"]}}],"collection":[{"href":"https:\/\/dekkbi.com\/index.php?rest_route=\/wp\/v2\/posts"}],"about":[{"href":"https:\/\/dekkbi.com\/index.php?rest_route=\/wp\/v2\/types\/post"}],"author":[{"embeddable":true,"href":"https:\/\/dekkbi.com\/index.php?rest_route=\/wp\/v2\/users\/1"}],"replies":[{"embeddable":true,"href":"https:\/\/dekkbi.com\/index.php?rest_route=%2Fwp%2Fv2%2Fcomments&post=60855"}],"version-history":[{"count":2,"href":"https:\/\/dekkbi.com\/index.php?rest_route=\/wp\/v2\/posts\/60855\/revisions"}],"predecessor-version":[{"id":60877,"href":"https:\/\/dekkbi.com\/index.php?rest_route=\/wp\/v2\/posts\/60855\/revisions\/60877"}],"wp:featuredmedia":[{"embeddable":true,"href":"https:\/\/dekkbi.com\/index.php?rest_route=\/wp\/v2\/media\/58147"}],"wp:attachment":[{"href":"https:\/\/dekkbi.com\/index.php?rest_route=%2Fwp%2Fv2%2Fmedia&parent=60855"}],"wp:term":[{"taxonomy":"category","embeddable":true,"href":"https:\/\/dekkbi.com\/index.php?rest_route=%2Fwp%2Fv2%2Fcategories&post=60855"},{"taxonomy":"post_tag","embeddable":true,"href":"https:\/\/dekkbi.com\/index.php?rest_route=%2Fwp%2Fv2%2Ftags&post=60855"}],"curies":[{"name":"wp","href":"https:\/\/api.w.org\/{rel}","templated":true}]}}