{"id":60844,"date":"2025-07-31T10:34:45","date_gmt":"2025-07-31T10:34:45","guid":{"rendered":"https:\/\/dekkbi.com\/?p=60844"},"modified":"2025-07-31T10:35:08","modified_gmt":"2025-07-31T10:35:08","slug":"conseil-des-ministres-de-ce-mercredi-30-juillet-2025","status":"publish","type":"post","link":"https:\/\/dekkbi.com\/?p=60844","title":{"rendered":"Conseil des Ministres de ce mercredi 30 Juillet 2025"},"content":{"rendered":"\n<h3 class=\"wp-block-heading\">Le Chef de l\u2019Etat, Son Excellence, Monsieur Bassirou Diomaye Diakhar FAYE a pr\u00e9sid\u00e9, ce mercredi 30 juillet 2025, la r\u00e9union hebdomadaire du Conseil des Ministres, au Palais de la R\u00e9publique.<\/h3>\n\n\n\n<p>A l\u2019entame de sa communication, le Chef de l\u2019Etat a abord\u00e9 la c\u00e9r\u00e9monie de remise des prix aux laur\u00e9ats du Concours g\u00e9n\u00e9ral 2025, qu\u2019il pr\u00e9sidera le 31 juillet 2025. Il a f\u00e9licit\u00e9 le Gouvernement, notamment le Premier Ministre, le Ministre de l\u2019Education nationale, le Ministre de la Formation professionnelle et technique, le Ministre en charge de l\u2019Enseignement sup\u00e9rieur et l\u2019ensemble des composantes de la communaut\u00e9 \u00e9ducative : enseignants, apprenants, parents d\u2019\u00e9l\u00e8ves, pour les efforts collectifs consentis en vue du d\u00e9roulement normal de l\u2019ann\u00e9e scolaire, notamment des \u00e9valuations ainsi que des examens et concours malgr\u00e9 les difficult\u00e9s r\u00e9currentes not\u00e9es dans l\u2019organisation et la s\u00e9curisation des \u00e9preuves.<\/p>\n\n\n\n<p>Le Chef de l\u2019Etat a adress\u00e9 ses chaleureuses f\u00e9licitations aux candidats admis au Certificat de Fin d\u2019Etudes El\u00e9mentaires (CFEE), au Baccalaur\u00e9at et au Brevet de Fin d\u2019\u00e9tudes Moyennes (BFEM). Il a demand\u00e9 au Gouvernement d\u2019\u00e9valuer, dans les meilleurs d\u00e9lais, les r\u00e9sultats de l\u2019ann\u00e9e scolaire et de tirer les enseignements p\u00e9dagogiques des examens et concours organis\u00e9s en 2025. Cette \u00e9tape, indispensable, permettra d\u2019engager les ajustements n\u00e9cessaires pour une transformation en profondeur de notre syst\u00e8me \u00e9ducatif en ad\u00e9quation avec les projections d\u2019inscription d\u2019\u00e9l\u00e8ves dans les diff\u00e9rents cycles : pr\u00e9scolaire, \u00e9l\u00e9mentaire, Moyen et secondaire.<\/p>\n\n\n\n<p>La promotion d\u2019une Ecole de qualit\u00e9 et d\u2019excellence, conforme \u00e0 nos valeurs endog\u00e8nes, demeure le socle de la valorisation du capital humain national et de la consolidation de notre souverainet\u00e9. D\u00e8s lors, le Pr\u00e9sident de la R\u00e9publique a demand\u00e9 au Premier Ministre d\u2019intensifier la mise en \u0153uvre des projets et programmes de r\u00e9alisation et de r\u00e9habilitation d\u2019infrastructures et d\u2019\u00e9quipements scolaires, selon un agenda et une cartographie nationale maitris\u00e9s. Sur ce point, il a soulign\u00e9 l\u2019imp\u00e9ratif d\u2019acc\u00e9l\u00e9rer la r\u00e9sorption des abris provisoires et la mont\u00e9e en puissance des LYNAQUE (Lyc\u00e9es Nation Arm\u00e9e pour la Qualit\u00e9 et l\u2019Equit\u00e9).<\/p>\n\n\n\n<p>Au demeurant, il a rappel\u00e9, notamment aux Ministres en charge de l\u2019Education nationale et de la Formation professionnelle et technique, l\u2019urgence d\u2019une revue coh\u00e9rente et pragmatique des curricula, voire une refonte syst\u00e9matique des programmes de formation. Ces derniers, doivent mieux int\u00e9grer le d\u00e9veloppement du Num\u00e9rique et les besoins \u00e9volutifs de l\u2019\u00e9conomie nationale.<\/p>\n\n\n\n<p>Le Chef de l\u2019Etat attache une importance primordiale \u00e0 la qualit\u00e9 des enseignements et apprentissages dispens\u00e9s. D\u2019o\u00f9 la n\u00e9cessit\u00e9 d\u2019une adaptation continue et du renforcement permanent de la formation et de l\u2019encadrement des enseignants, de m\u00eame que des m\u00e9thodes d\u2019enseignement. A cet effet, il a demand\u00e9 au Ministre de l\u2019Education nationale d\u2019engager les voies et moyens pour asseoir l\u2019Excellence dans l\u2019Ecole publique, \u00e0 travers le d\u00e9veloppement soutenu du contr\u00f4le qualit\u00e9, avec la modernisation de l\u2019Inspection g\u00e9n\u00e9rale de l\u2019\u00c9ducation et de la Formation, des Inspections d\u2019Acad\u00e9mie ainsi que des Inspections de l\u2019Education et de la Formation.<\/p>\n\n\n\n<p>Le Pr\u00e9sident de la R\u00e9publique est revenu sur la probl\u00e9matique de la restructuration et de la relance des politiques de promotion de l\u2019emploi pour les jeunes. En effet, il est constat\u00e9 \u00e0 la fin de chaque ann\u00e9e scolaire et des cycles universitaires, l\u2019arriv\u00e9e en masse de nouveaux dipl\u00f4m\u00e9s issus de la formation professionnelle et technique, des ISEP, des Universit\u00e9s et \u00e9tablissements publics et priv\u00e9s d\u2019enseignement sup\u00e9rieur, sur le march\u00e9 du travail. C\u2019est dire que la formation professionnelle, l\u2019insertion socio-\u00e9conomique et l\u2019emploi des jeunes restent des priorit\u00e9s nationales. Ils s\u2019\u00e9rigent m\u00eame en urgences sociales. C\u2019est \u00e0 ce titre qu\u2019il a demand\u00e9 au Premier Ministre, au Ministre du Travail, de l\u2019Emploi et des Relations avec les institutions et \u00e0 celui de la Formation professionnelle et technique d\u2019acc\u00e9l\u00e9rer, avec l\u2019implication de tous les acteurs, la mise en \u0153uvre des recommandations de la 4\u00e8me \u00e9dition de la Conf\u00e9rence sociale consacr\u00e9e \u00e0 l\u2019Employabilit\u00e9 et \u00e0 l\u2019Emploi des jeunes. Il s\u2019agit, aussi et surtout, de :<\/p>\n\n\n\n<p>&#8211; restructurer pour plus de proximit\u00e9, d\u2019efficacit\u00e9 et d\u2019efficience, les dispositifs de formation, d\u2019encadrement, de soutien et de financement de l\u2019entreprenariat des jeunes ;<\/p>\n\n\n\n<p>&#8211; finaliser l\u2019\u00e9laboration et amorcer la mise en \u0153uvre de la nouvelle Politique nationale de l\u2019Emploi en coh\u00e9rence avec la Strat\u00e9gie nationale de D\u00e9veloppement.<\/p>\n\n\n\n<p>En ce qui concerne le suivi des pr\u00e9paratifs du Grand Magal de Touba qui sera c\u00e9l\u00e9br\u00e9 le mercredi 13 ao\u00fbt 2025, le Chef de l\u2019Etat a rappel\u00e9 au Gouvernement l\u2019urgence de prendre, dans chaque secteur concern\u00e9, toutes les dispositions et mesures pr\u00e9ventives ad\u00e9quates, afin d\u2019assurer l\u2019organisation optimale de cet \u00e9v\u00e8nement religieux, d\u2019une envergure internationale. Il s\u2019est f\u00e9licit\u00e9 de l\u2019inscription du Grand Magal de Touba au Patrimoine national immat\u00e9riel. Ce qui ouvre la voie \u00e0 la valorisation continue de nos \u00e9v\u00e8nements religieux dans notre histoire et dans le processus d\u2019ancrage d\u2019une \u00e9conomie endog\u00e8ne avec le d\u00e9veloppement significatif du tourisme religieux. Enfin, il a invit\u00e9 le Premier Ministre \u00e0 veiller \u00e0 la relance du programme de modernisation des cit\u00e9s religieuses du S\u00e9n\u00e9gal.<\/p>\n\n\n\n<p>Le Pr\u00e9sident de la R\u00e9publique a abord\u00e9 la question de l\u2019am\u00e9lioration de la prise en charge des malades insuffisants r\u00e9naux qui demeure l\u2019une des grandes probl\u00e9matiques de la politique de sant\u00e9 publique. Il a demand\u00e9 au Gouvernement de mettre en \u0153uvre, avec le concours du corps m\u00e9dical et des Comit\u00e9s d\u00e9di\u00e9s, les solutions les plus adapt\u00e9es, afin d\u2019am\u00e9liorer durablement la prise en charge des malades insuffisants r\u00e9naux sur l\u2019ensemble du territoire national. En outre, il a indiqu\u00e9 au Gouvernement, notamment au Ministre en charge de la Sant\u00e9, l\u2019importance de d\u00e9velopper une politique mobilisatrice de pr\u00e9vention et de lutte contre l\u2019insuffisance r\u00e9nale \u00e0 travers des campagnes de sensibilisation efficaces des populations.<\/p>\n\n\n\n<p>Au titre de son agenda, le Chef de l\u2019Etat a inform\u00e9 le Conseil qu\u2019il proc\u00e9dera, le samedi 02 ao\u00fbt 2025, dans la for\u00eat class\u00e9e de Mbao, au lancement des activit\u00e9s de reboisement relatives \u00e0 l\u2019\u00e9dition 2025 de la Journ\u00e9e nationale de l\u2019Arbre. Il se rendra aussi prochainement \u00e0 Touba pour une visite de courtoisie au Khalife g\u00e9n\u00e9ral des Mourides, dans le cadre des c\u00e9l\u00e9brations du Grand Magal.<br><strong><br>AU TITRE DES TEXTES LEGISLATIFS ET REGLEMENTAIRES, le Conseil a examin\u00e9 et adopt\u00e9 :<br><\/strong><br>&#8211; le Plan de redressement pr\u00e9sent\u00e9 par Monsieur le Premier Ministre :<\/p>\n\n\n\n<p>&#8211; le projet de loi portant cr\u00e9ation de l\u2019Office national de lutte contre la Corruption ;<\/p>\n\n\n\n<p>&#8211; le projet de loi portant statut et protection des lanceurs d\u2019alerte ;<\/p>\n\n\n\n<p>&#8211; le projet de loi relatif \u00e0 l\u2019acc\u00e8s \u00e0 l\u2019information ;<\/p>\n\n\n\n<p>&#8211; le projet de loi sur la d\u00e9claration de patrimoine.<\/p>\n\n\n\n<p><strong>Le Ministre de la Formation professionnelle et technique,<br>Porte-parole du Gouvernement<br>Amadou Moustapha Njekk SARRE<\/strong><\/p>\n","protected":false},"excerpt":{"rendered":"<p>Le Chef de l\u2019Etat, Son Excellence, Monsieur Bassirou Diomaye Diakhar FAYE a pr\u00e9sid\u00e9, ce mercredi 30 juillet 2025, la r\u00e9union<\/p>\n","protected":false},"author":1,"featured_media":50140,"comment_status":"open","ping_status":"open","sticky":false,"template":"","format":"standard","meta":{"footnotes":""},"categories":[6],"tags":[],"class_list":["post-60844","post","type-post","status-publish","format-standard","has-post-thumbnail","hentry","category-politics"],"_links":{"self":[{"href":"https:\/\/dekkbi.com\/index.php?rest_route=\/wp\/v2\/posts\/60844","targetHints":{"allow":["GET"]}}],"collection":[{"href":"https:\/\/dekkbi.com\/index.php?rest_route=\/wp\/v2\/posts"}],"about":[{"href":"https:\/\/dekkbi.com\/index.php?rest_route=\/wp\/v2\/types\/post"}],"author":[{"embeddable":true,"href":"https:\/\/dekkbi.com\/index.php?rest_route=\/wp\/v2\/users\/1"}],"replies":[{"embeddable":true,"href":"https:\/\/dekkbi.com\/index.php?rest_route=%2Fwp%2Fv2%2Fcomments&post=60844"}],"version-history":[{"count":1,"href":"https:\/\/dekkbi.com\/index.php?rest_route=\/wp\/v2\/posts\/60844\/revisions"}],"predecessor-version":[{"id":60845,"href":"https:\/\/dekkbi.com\/index.php?rest_route=\/wp\/v2\/posts\/60844\/revisions\/60845"}],"wp:featuredmedia":[{"embeddable":true,"href":"https:\/\/dekkbi.com\/index.php?rest_route=\/wp\/v2\/media\/50140"}],"wp:attachment":[{"href":"https:\/\/dekkbi.com\/index.php?rest_route=%2Fwp%2Fv2%2Fmedia&parent=60844"}],"wp:term":[{"taxonomy":"category","embeddable":true,"href":"https:\/\/dekkbi.com\/index.php?rest_route=%2Fwp%2Fv2%2Fcategories&post=60844"},{"taxonomy":"post_tag","embeddable":true,"href":"https:\/\/dekkbi.com\/index.php?rest_route=%2Fwp%2Fv2%2Ftags&post=60844"}],"curies":[{"name":"wp","href":"https:\/\/api.w.org\/{rel}","templated":true}]}}