{"id":60834,"date":"2025-07-31T10:15:25","date_gmt":"2025-07-31T10:15:25","guid":{"rendered":"https:\/\/dekkbi.com\/?p=60834"},"modified":"2025-07-31T15:36:40","modified_gmt":"2025-07-31T15:36:40","slug":"foret-classee-de-mbao-un-poumon-vert-altere","status":"publish","type":"post","link":"https:\/\/dekkbi.com\/?p=60834","title":{"rendered":"For\u00eat class\u00e9e de Mbao: un poumon vert alt\u00e9r\u00e9"},"content":{"rendered":"\n<p><strong>Fournir de l\u2019oxyg\u00e8ne, absorber le gaz carbonique, constituer \u00e0 la fois un espace de loisir et un sanctuaire pour la faune, se faire agresser par l\u2019urbanisation, devenir un rep\u00e8re de malfrats\u2026 Bref, c\u2019est cela, la vie de la for\u00eat \u00ab class\u00e9e \u00bb de Mbao. \u00c0 la fois indispensable et pourtant si vuln\u00e9rable\u2026<\/strong><\/p>\n\n\n\n<p>Du soleil et des gazouillis. Apr\u00e8s la pluie, c\u2019est le beau temps. Mais \u00e0 y voir de plus pr\u00e8s, la for\u00eat class\u00e9e de Mbao est en train de suffoquer : d\u00e9potoir d\u2019ordures sauvages, avanc\u00e9e de l\u2019urbanisation avec les travaux d\u2019\u00e9largissement de la chauss\u00e9e de l\u2019autoroute \u00e0 p\u00e9age qui semblent sans fin, point d\u2019accumulation des eaux us\u00e9es, forte pr\u00e9sence humaine\u2026<\/p>\n\n\n\n<p>Toutes ces activit\u00e9s contribuent \u00e0 r\u00e9duire l\u2019emprise de la for\u00eat class\u00e9e de Mbao, qui ne fait que perdre du terrain au fil des ann\u00e9es. Patrimoine class\u00e9 de l\u2019\u00c9tat du S\u00e9n\u00e9gal depuis 1940, la for\u00eat class\u00e9e de Mbao abrite une vaste biodiversit\u00e9. Initialement \u00e9tendue sur 722 ha, sa taille ne cesse de diminuer avec le passage d\u2019infrastructures majeures comme l\u2019autoroute \u00e0 p\u00e9age et le Train Express R\u00e9gional (Ter).<\/p>\n\n\n\n<p>Cependant, ces \u00e9v\u00e9nements qui ont r\u00e9v\u00e9l\u00e9 la for\u00eat au grand public n\u2019ont fait que ressortir un mal-\u00eatre qui date de tr\u00e8s nombreuses ann\u00e9es. Pas sp\u00e9cifiquement am\u00e9nag\u00e9e \u00e0 cette fin, la for\u00eat servait d\u00e9j\u00e0 de r\u00e9ceptacle naturel des eaux us\u00e9es et pluviales de Rufisque et Keur Massar. Elle est \u00e9galement devenue un d\u00e9potoir d\u2019ordures solides qui mettent parfois en p\u00e9ril la v\u00e9g\u00e9tation.<\/p>\n\n\n\n<p>\u00c0 hauteur de la commune de Mbao, toutes les entr\u00e9es qui m\u00e8nent au c\u0153ur de la for\u00eat arborent le m\u00eame spectacle : des ordures jonchent le sol humide. Les seules personnes que l\u2019on peut croiser et qui se chargent de faire la police sont des cultivateurs.<\/p>\n\n\n\n<p>Ils veillent au respect de l\u2019environnement, car c\u2019est ici qu\u2019ils gagnent leur pain. Ils s\u2019occupent g\u00e9n\u00e9ralement de plants de menthe, de tomates et d\u2019autres l\u00e9gumes de table. Leur attention est la condition d\u2019attribution de ces surfaces cultivables.<\/p>\n\n\n\n<p>\u00ab On nous demande de veiller \u00e0 la protection de la for\u00eat. Nous sensibilisons pour que les populations ne viennent pas d\u00e9poser leurs ordures m\u00e9nag\u00e8res ici. Cependant, il y a toujours des r\u00e9calcitrants qui \u00e9chappent \u00e0 notre vigilance. Raison pour laquelle l\u2019environnement est assez d\u00e9sagr\u00e9able par endroits \u00bb, indique Cheikh Anta.<\/p>\n\n\n\n<p>Le v\u00e9ritable probl\u00e8me de la for\u00eat reste donc le d\u00e9p\u00f4t d\u2019ordures et un manque de surveillance de la part des agents des Eaux et For\u00eats, dont les bureaux ne sont pas si \u00e9loign\u00e9s. Selon un charretier que nous nommerons Moussa Gueye, les contr\u00f4les sont de plus en plus fr\u00e9quents, m\u00eame s\u2019ils restent insuffisants.<\/p>\n\n\n\n<p>En effet, lui-m\u00eame est souvent mandat\u00e9 par certains habitants des environs pour faire dispara\u00eetre des sacs d\u2019ordures, principalement du fumier et des d\u00e9chets plastiques.<\/p>\n\n\n\n<p>\u00ab La for\u00eat \u00e9tait d\u00e9j\u00e0 un d\u00e9potoir quand je suis venu ici pour travailler avec ma charrette. Au d\u00e9but, le contr\u00f4le \u00e9tait presque inexistant. Nous profitions de cela pour y d\u00e9poser des charges de d\u00e9chets. Cependant, depuis un certain temps, les gardes forestiers ont augment\u00e9 la fr\u00e9quence de leurs patrouilles. Personnellement, j\u2019ai arr\u00eat\u00e9 de faire ce travail depuis le jour o\u00f9 j\u2019ai failli perdre ma charrette, n\u2019e\u00fbt \u00e9t\u00e9 la compr\u00e9hension des agents des Eaux et For\u00eats. Maintenant, je ne d\u00e9pose plus les d\u00e9chets domestiques ni ici, ni ailleurs \u00bb, confie Moussa Gueye.<\/p>\n\n\n\n<p>Mais malgr\u00e9 une atteinte s\u00e9rieuse \u00e0 ses capacit\u00e9s, la for\u00eat de Mbao continue d\u2019\u00eatre g\u00e9n\u00e9reuse. D\u2019ailleurs, depuis un certain temps, des jeunes \u2014 mais aussi de plus en plus d\u2019adultes \u2014 s\u2019adonnent \u00e0 la vente de pommes d\u2019acajou sur les trottoirs de la bretelle de sortie de l\u2019autoroute \u00e0 p\u00e9age, \u00e0 hauteur de la for\u00eat.<\/p>\n\n\n\n<p>Ces nouveaux commer\u00e7ants ont senti l\u2019opportunit\u00e9 qu\u2019offre la for\u00eat de Mbao, compos\u00e9e principalement d\u2019anacardiers. L\u2019autoroute \u00e0 p\u00e9age a donc fait na\u00eetre une micro-\u00e9conomie qui pourrait bien accentuer les menaces pesant sur la for\u00eat class\u00e9e de Mbao. Une surexploitation se profile peu \u00e0 peu, exposant ainsi le poumon vert de Dakar \u00e0 une nouvelle gangr\u00e8ne.<\/p>\n\n\n\n<p><strong>Par Assane FALL<\/strong><br>LESOLEIL<\/p>\n","protected":false},"excerpt":{"rendered":"<p>Fournir de l\u2019oxyg\u00e8ne, absorber le gaz carbonique, constituer \u00e0 la fois un espace de loisir et un sanctuaire pour la<\/p>\n","protected":false},"author":1,"featured_media":60835,"comment_status":"open","ping_status":"open","sticky":false,"template":"","format":"standard","meta":{"footnotes":""},"categories":[3],"tags":[],"class_list":["post-60834","post","type-post","status-publish","format-standard","has-post-thumbnail","hentry","category-event-more-news"],"_links":{"self":[{"href":"https:\/\/dekkbi.com\/index.php?rest_route=\/wp\/v2\/posts\/60834","targetHints":{"allow":["GET"]}}],"collection":[{"href":"https:\/\/dekkbi.com\/index.php?rest_route=\/wp\/v2\/posts"}],"about":[{"href":"https:\/\/dekkbi.com\/index.php?rest_route=\/wp\/v2\/types\/post"}],"author":[{"embeddable":true,"href":"https:\/\/dekkbi.com\/index.php?rest_route=\/wp\/v2\/users\/1"}],"replies":[{"embeddable":true,"href":"https:\/\/dekkbi.com\/index.php?rest_route=%2Fwp%2Fv2%2Fcomments&post=60834"}],"version-history":[{"count":2,"href":"https:\/\/dekkbi.com\/index.php?rest_route=\/wp\/v2\/posts\/60834\/revisions"}],"predecessor-version":[{"id":60837,"href":"https:\/\/dekkbi.com\/index.php?rest_route=\/wp\/v2\/posts\/60834\/revisions\/60837"}],"wp:featuredmedia":[{"embeddable":true,"href":"https:\/\/dekkbi.com\/index.php?rest_route=\/wp\/v2\/media\/60835"}],"wp:attachment":[{"href":"https:\/\/dekkbi.com\/index.php?rest_route=%2Fwp%2Fv2%2Fmedia&parent=60834"}],"wp:term":[{"taxonomy":"category","embeddable":true,"href":"https:\/\/dekkbi.com\/index.php?rest_route=%2Fwp%2Fv2%2Fcategories&post=60834"},{"taxonomy":"post_tag","embeddable":true,"href":"https:\/\/dekkbi.com\/index.php?rest_route=%2Fwp%2Fv2%2Ftags&post=60834"}],"curies":[{"name":"wp","href":"https:\/\/api.w.org\/{rel}","templated":true}]}}