{"id":60823,"date":"2025-07-31T09:51:41","date_gmt":"2025-07-31T09:51:41","guid":{"rendered":"https:\/\/dekkbi.com\/?p=60823"},"modified":"2025-07-31T10:58:10","modified_gmt":"2025-07-31T10:58:10","slug":"extension-de-la-protection-sociale-le-gouvernement-senegalais-engage-le-dialogue-avec-les-travailleurs-de-linformel","status":"publish","type":"post","link":"https:\/\/dekkbi.com\/?p=60823","title":{"rendered":"Extension de la protection sociale de l\u2019informel"},"content":{"rendered":"\n<p>Le ministre du Travail, de l\u2019Emploi et des Relations avec les Institutions, M. Abass Fall, a pr\u00e9sid\u00e9 ce lundi \u00e0 Saly-Portudal un atelier national consacr\u00e9 \u00e0 l\u2019extension de la protection sociale aux travailleurs de l\u2019\u00e9conomie informelle, notamment du secteur agricole. Cette rencontre s\u2019inscrit dans le cadre d\u2019un dialogue \u00e9largi qui vise \u00e0 poser les jalons d\u2019un syst\u00e8me plus inclusif, \u00e9quitable et durable.<\/p>\n\n\n\n<p>D\u00e8s l\u2019ouverture, le ministre a tenu \u00e0 saluer l\u2019implication du Bureau international du travail (BIT), des partenaires techniques et financiers, ainsi que des techniciens de la protection sociale, pour leur r\u00f4le dans cette dynamique nationale. \u00ab La protection sociale, a-t-il affirm\u00e9, est un imp\u00e9ratif d\u2019\u00e9quit\u00e9 sociale. Elle doit concerner tous les citoyens, quel que soit leur statut \u00e9conomique ou leur secteur d\u2019activit\u00e9. \u00bb<\/p>\n\n\n\n<p>Le S\u00e9n\u00e9gal compte une large majorit\u00e9 de travailleurs dans l\u2019\u00e9conomie informelle, repr\u00e9sentant plus de 80 % des actifs, mais souvent exclus de tout dispositif de couverture sociale. Parmi eux, les travailleurs agricoles sont les plus vuln\u00e9rables. \u00ab Le monde agricole nourrit les populations s\u00e9n\u00e9galaises, mais il est paradoxalement exclu de la protection sociale, sauf \u00e0 travers des m\u00e9canismes communautaires fragiles. Ce n\u2019est pas juste. L\u2019\u00c9tat doit \u00eatre pr\u00e9sent pour tous \u00bb, a soulign\u00e9 M. Fall.<\/p>\n\n\n\n<p>Le gouvernement, en partenariat avec le BIT et d\u2019autres acteurs, entend ainsi relancer le R\u00e9gime simplifi\u00e9 de protection sociale (RSPS), exp\u00e9riment\u00e9 depuis 2013 avec les artisans et les petits commer\u00e7ants. L\u2019ambition est d\u00e9sormais d\u2019en faire b\u00e9n\u00e9ficier les producteurs agricoles, les \u00e9leveurs, les p\u00eacheurs et l\u2019ensemble des acteurs de ce vaste secteur.<\/p>\n\n\n\n<p>En parall\u00e8le, le ministre a \u00e9voqu\u00e9 les efforts en faveur des professionnels de la culture, qui font \u00e9galement partie des exclus du syst\u00e8me. D\u00e8s 2008, un r\u00e9gime d\u00e9di\u00e9 avait \u00e9t\u00e9 \u00e9labor\u00e9 avec la participation du Comit\u00e9 national des m\u00e9tiers de la culture et de la formation (CMCF), appuy\u00e9 par le PIJ et le CNCR via le projet SPEC. Bien que structur\u00e9 et sign\u00e9, le dispositif est rest\u00e9 lettre morte, faute d\u2019application effective.<\/p>\n\n\n\n<p>Aujourd\u2019hui, le gouvernement affiche une volont\u00e9 claire de red\u00e9marrer les initiatives laiss\u00e9es en suspens. Le dialogue engag\u00e9 \u00e0 Saly vise \u00e0 identifier les blocages, harmoniser les strat\u00e9gies et poser les bases juridiques et techniques d\u2019une g\u00e9n\u00e9ralisation progressive.<\/p>\n\n\n\n<p>\u00ab Nous vivons une \u00e9poque o\u00f9 il est possible d\u2019expliquer et de convaincre, m\u00eame au sein des milieux les plus recul\u00e9s. Il s\u2019agit d\u2019un enjeu de justice sociale, mais aussi d\u2019efficacit\u00e9 \u00e9conomique \u00bb, a insist\u00e9 le ministre, appelant \u00e0 l\u2019implication des leaders communautaires et des coop\u00e9ratives pour porter le plaidoyer sur le terrain.<\/p>\n\n\n\n<p>Le chantier est vaste. Mais pour le ministre, \u00ab c\u2019est une question de volont\u00e9 politique \u00bb. Une volont\u00e9 aujourd\u2019hui affirm\u00e9e, avec en perspective la relance de la loi d\u2019orientation sylvopastorale et l\u2019inscription de la protection sociale comme priorit\u00e9 dans le nouveau cadre politique.<\/p>\n\n\n\n<p><strong>Samba Ni\u00e9b\u00e9 Ba<\/strong><br>sudquotidien<\/p>\n","protected":false},"excerpt":{"rendered":"<p>Le ministre du Travail, de l\u2019Emploi et des Relations avec les Institutions, M. Abass Fall, a pr\u00e9sid\u00e9 ce lundi \u00e0<\/p>\n","protected":false},"author":1,"featured_media":45381,"comment_status":"open","ping_status":"open","sticky":false,"template":"","format":"standard","meta":{"footnotes":""},"categories":[21],"tags":[],"class_list":["post-60823","post","type-post","status-publish","format-standard","has-post-thumbnail","hentry","category-societe"],"_links":{"self":[{"href":"https:\/\/dekkbi.com\/index.php?rest_route=\/wp\/v2\/posts\/60823","targetHints":{"allow":["GET"]}}],"collection":[{"href":"https:\/\/dekkbi.com\/index.php?rest_route=\/wp\/v2\/posts"}],"about":[{"href":"https:\/\/dekkbi.com\/index.php?rest_route=\/wp\/v2\/types\/post"}],"author":[{"embeddable":true,"href":"https:\/\/dekkbi.com\/index.php?rest_route=\/wp\/v2\/users\/1"}],"replies":[{"embeddable":true,"href":"https:\/\/dekkbi.com\/index.php?rest_route=%2Fwp%2Fv2%2Fcomments&post=60823"}],"version-history":[{"count":3,"href":"https:\/\/dekkbi.com\/index.php?rest_route=\/wp\/v2\/posts\/60823\/revisions"}],"predecessor-version":[{"id":60854,"href":"https:\/\/dekkbi.com\/index.php?rest_route=\/wp\/v2\/posts\/60823\/revisions\/60854"}],"wp:featuredmedia":[{"embeddable":true,"href":"https:\/\/dekkbi.com\/index.php?rest_route=\/wp\/v2\/media\/45381"}],"wp:attachment":[{"href":"https:\/\/dekkbi.com\/index.php?rest_route=%2Fwp%2Fv2%2Fmedia&parent=60823"}],"wp:term":[{"taxonomy":"category","embeddable":true,"href":"https:\/\/dekkbi.com\/index.php?rest_route=%2Fwp%2Fv2%2Fcategories&post=60823"},{"taxonomy":"post_tag","embeddable":true,"href":"https:\/\/dekkbi.com\/index.php?rest_route=%2Fwp%2Fv2%2Ftags&post=60823"}],"curies":[{"name":"wp","href":"https:\/\/api.w.org\/{rel}","templated":true}]}}