{"id":60820,"date":"2025-07-31T09:48:38","date_gmt":"2025-07-31T09:48:38","guid":{"rendered":"https:\/\/dekkbi.com\/?p=60820"},"modified":"2025-07-31T09:48:39","modified_gmt":"2025-07-31T09:48:39","slug":"patronat-delegations-cnp-cnes-louis-lamotte-a-la-tete-du-pole-nord","status":"publish","type":"post","link":"https:\/\/dekkbi.com\/?p=60820","title":{"rendered":"Patronat \u2013 D\u00e9l\u00e9gations Cnp-Cnes : Louis Lamotte \u00e0 la t\u00eate du P\u00f4le-Nord"},"content":{"rendered":"\n<p>Dans le cadre de la r\u00e9unification patronale Cnp \/ Cnes, il a \u00e9t\u00e9 entam\u00e9 le \u00abprocessus d\u2019installation des d\u00e9l\u00e9gations territoriales\u00bb. Dans le communiqu\u00e9 pu\u00adbli\u00e9 \u00e0 cet effet par les organisations patronales, il est not\u00e9 que \u00abla pr\u00e9sidence de la d\u00e9l\u00e9gation territoriale du P\u00f4le-Nord a \u00e9t\u00e9 confi\u00e9e \u00e0 Monsieur Louis La\u00admote, D\u00e9l\u00e9gu\u00e9 g\u00e9n\u00e9ral de Val\u00adlagri, regroupant les entreprises agro-industrielles de la vall\u00e9e\u00bb.<\/p>\n\n\n\n<p>Le m\u00eame document souligne que \u00ables d\u00e9l\u00e9gations territoriales patronales Cnp\/Cnes sont des regroupements d\u2019associations et d\u2019entreprises aux niveaux d\u00e9partemental et r\u00e9gional, ayant pour but la repr\u00e9sentation d\u00e9centralis\u00e9e, le renforcement du dialogue territorial, l\u2019am\u00e9lioration du climat des affaires, la promotion des investissements et la cr\u00e9ation d\u2019emplois dans chaque territoire, ainsi que l\u2019am\u00e9lioration de la gouvernance de proximit\u00e9 avec le si\u00e8ge bas\u00e9 \u00e0 Dakar\u00bb. C\u2019est dans ce sens qu\u2019il a \u00e9t\u00e9 \u00abproc\u00e9d\u00e9 \u00e0 l\u2019installation du bureau de la d\u00e9l\u00e9gation territoriale Cnp\/Cnes du P\u00f4le-Nord (Saint-Louis, Richard-Toll, Matam, Podor) le lundi 28 juillet 2025 \u00e0 la Chambre de commerce de Saint-Louis\u00bb.<\/p>\n\n\n\n<p>Il est en outre indiqu\u00e9 que le \u00abbureau de la d\u00e9l\u00e9gation territoriale a \u00e9t\u00e9 constitu\u00e9, au regard de la configuration de l\u2019\u00e9conomie formelle du territoire P\u00f4le-Nord, autour de repr\u00e9sentants des secteurs de l\u2019agro-industrie, du tourisme, de l\u2019\u00e9nergie, du riz, de la sant\u00e9, du num\u00e9rique, de l\u2019enseignement priv\u00e9 et de la p\u00eache\u00bb.<\/p>\n\n\n\n<p>Par ailleurs, le document informe que \u00abl\u2019installation des autres d\u00e9l\u00e9gations territoriales va se poursuivre durant cette p\u00e9riode d\u2019hivernage\u00bb.<\/p>\n\n\n\n<p><strong>dkane@lequotidien.sn<\/strong><\/p>\n","protected":false},"excerpt":{"rendered":"<p>Dans le cadre de la r\u00e9unification patronale Cnp \/ Cnes, il a \u00e9t\u00e9 entam\u00e9 le \u00abprocessus d\u2019installation des d\u00e9l\u00e9gations territoriales\u00bb.<\/p>\n","protected":false},"author":1,"featured_media":60821,"comment_status":"open","ping_status":"open","sticky":false,"template":"","format":"standard","meta":{"footnotes":""},"categories":[9],"tags":[],"class_list":["post-60820","post","type-post","status-publish","format-standard","has-post-thumbnail","hentry","category-sports"],"_links":{"self":[{"href":"https:\/\/dekkbi.com\/index.php?rest_route=\/wp\/v2\/posts\/60820","targetHints":{"allow":["GET"]}}],"collection":[{"href":"https:\/\/dekkbi.com\/index.php?rest_route=\/wp\/v2\/posts"}],"about":[{"href":"https:\/\/dekkbi.com\/index.php?rest_route=\/wp\/v2\/types\/post"}],"author":[{"embeddable":true,"href":"https:\/\/dekkbi.com\/index.php?rest_route=\/wp\/v2\/users\/1"}],"replies":[{"embeddable":true,"href":"https:\/\/dekkbi.com\/index.php?rest_route=%2Fwp%2Fv2%2Fcomments&post=60820"}],"version-history":[{"count":1,"href":"https:\/\/dekkbi.com\/index.php?rest_route=\/wp\/v2\/posts\/60820\/revisions"}],"predecessor-version":[{"id":60822,"href":"https:\/\/dekkbi.com\/index.php?rest_route=\/wp\/v2\/posts\/60820\/revisions\/60822"}],"wp:featuredmedia":[{"embeddable":true,"href":"https:\/\/dekkbi.com\/index.php?rest_route=\/wp\/v2\/media\/60821"}],"wp:attachment":[{"href":"https:\/\/dekkbi.com\/index.php?rest_route=%2Fwp%2Fv2%2Fmedia&parent=60820"}],"wp:term":[{"taxonomy":"category","embeddable":true,"href":"https:\/\/dekkbi.com\/index.php?rest_route=%2Fwp%2Fv2%2Fcategories&post=60820"},{"taxonomy":"post_tag","embeddable":true,"href":"https:\/\/dekkbi.com\/index.php?rest_route=%2Fwp%2Fv2%2Ftags&post=60820"}],"curies":[{"name":"wp","href":"https:\/\/api.w.org\/{rel}","templated":true}]}}