{"id":60814,"date":"2025-07-31T09:38:58","date_gmt":"2025-07-31T09:38:58","guid":{"rendered":"https:\/\/dekkbi.com\/?p=60814"},"modified":"2025-07-31T09:38:59","modified_gmt":"2025-07-31T09:38:59","slug":"geneve-el-malick-ndiaye-appelle-les-parlementaires-a-incarner-lespoir-et-laction-face-aux-crises-mondiales","status":"publish","type":"post","link":"https:\/\/dekkbi.com\/?p=60814","title":{"rendered":"Gen\u00e8ve : El Malick Ndiaye appelle les parlementaires \u00e0 incarner l\u2019espoir et l\u2019action face aux crises mondiales"},"content":{"rendered":"\n<p><a href=\"https:\/\/lesoleil.sn\/wp-content\/uploads\/2025\/07\/WhatsApp-Image-2025-07-30-at-19.01.35.jpeg\"><\/a>\u00c0 l\u2019occasion de la 6e Conf\u00e9rence mondiale des parlementaires, tenue ce mercredi 29 juillet \u00e0 Gen\u00e8ve, le Pr\u00e9sident de l\u2019Assembl\u00e9e nationale du S\u00e9n\u00e9gal, El Malick Ndiaye, a prononc\u00e9 un discours fort, marqu\u00e9 par un appel vibrant \u00e0 la responsabilit\u00e9 collective, au multilat\u00e9ralisme et \u00e0 la solidarit\u00e9 humaine.<\/p>\n\n\n\n<p>Face \u00e0 une assembl\u00e9e de repr\u00e9sentants venus du monde entier, le Pr\u00e9sident Ndiaye a dress\u00e9 un tableau sans complaisance des crises multiples qui traversent la plan\u00e8te : ins\u00e9curit\u00e9 croissante, dette \u00e9crasante des pays du Sud, in\u00e9galit\u00e9s persistantes, tensions g\u00e9opolitiques et changement climatique.<\/p>\n\n\n\n<p>Dans ce contexte, renseigne une note de son service de communication, il a exhort\u00e9 les parlementaires \u00e0 sortir de la neutralit\u00e9 institutionnelle pour devenir \u00ab des leviers de transformation et des acteurs de la solution \u00bb. Son message : les d\u00e9fis du XXIe si\u00e8cle exigent des r\u00e9ponses collectives, concert\u00e9es et audacieuses. \u00ab Aucun \u00c9tat ne peut relever seul les d\u00e9fis du XXIe si\u00e8cle \u00bb, a-t-il martel\u00e9, plaidant pour un multilat\u00e9ralisme renforc\u00e9 et des institutions internationales plus repr\u00e9sentatives et inclusives.<\/p>\n\n\n\n<p>Insistant sur l\u2019urgence d\u2019agir, El Malick Ndiaye a d\u00e9clin\u00e9 trois priorit\u00e9s claires pour l\u2019agenda parlementaire mondial :<\/p>\n\n\n\n<p>La justice sociale, comme fondement de soci\u00e9t\u00e9s plus \u00e9quitables,<br>La prosp\u00e9rit\u00e9 partag\u00e9e, au-del\u00e0 des fronti\u00e8res et des privil\u00e8ges,<br>La paix et la s\u00e9curit\u00e9, dans un monde menac\u00e9 par la violence et l\u2019instabilit\u00e9.<br>Il a appuy\u00e9 son propos d\u2019un proverbe s\u00e9n\u00e9galais charg\u00e9 de sens :\u00ab Nit, nit mooy garabam \u00bb (L\u2019homme est le rem\u00e8de de l\u2019homme), soulignant ainsi l\u2019importance de la solidarit\u00e9 humaine comme boussole de l\u2019action politique.<\/p>\n\n\n\n<p><strong>Gaza, le Sahel, l\u2019Ukraine : un appel \u00e0 la conscience<\/strong><br>\u00ab Gaza souffre, Gaza pleure, Gaza meurt \u00bb,provoquant un silence charg\u00e9 dans l\u2019assistance. Il a \u00e9largi son appel \u00e0 toutes les zones de conflit : Gaza, le Sahel, les Grands Lacs, l\u2019Ukraine, appelant \u00e0 une action urgente et concert\u00e9e pour pr\u00e9server la vie et restaurer la dignit\u00e9 humaine.<\/p>\n\n\n\n<p>Cl\u00f4turant son discours par une anaphore percutante, il a lanc\u00e9 : \u00ab Il ne suffit pas de d\u00e9plorer, il faut d\u00e9cider.<br>Il ne suffit pas de condamner, il faut agir.&nbsp;Le monde vacille, mais il n\u2019est pas condamn\u00e9. \u00bb<\/p>\n\n\n\n<p>El Malick Ndiaye a ainsi invit\u00e9 ses homologues \u00e0 faire vivre une diplomatie parlementaire active, capable de faire triompher la paix sur la haine, la justice sur l\u2019indiff\u00e9rence, et la coop\u00e9ration sur le repli.<\/p>\n","protected":false},"excerpt":{"rendered":"<p>\u00c0 l\u2019occasion de la 6e Conf\u00e9rence mondiale des parlementaires, tenue ce mercredi 29 juillet \u00e0 Gen\u00e8ve, le Pr\u00e9sident de l\u2019Assembl\u00e9e<\/p>\n","protected":false},"author":1,"featured_media":60815,"comment_status":"open","ping_status":"open","sticky":false,"template":"","format":"standard","meta":{"footnotes":""},"categories":[6],"tags":[],"class_list":["post-60814","post","type-post","status-publish","format-standard","has-post-thumbnail","hentry","category-politics"],"_links":{"self":[{"href":"https:\/\/dekkbi.com\/index.php?rest_route=\/wp\/v2\/posts\/60814","targetHints":{"allow":["GET"]}}],"collection":[{"href":"https:\/\/dekkbi.com\/index.php?rest_route=\/wp\/v2\/posts"}],"about":[{"href":"https:\/\/dekkbi.com\/index.php?rest_route=\/wp\/v2\/types\/post"}],"author":[{"embeddable":true,"href":"https:\/\/dekkbi.com\/index.php?rest_route=\/wp\/v2\/users\/1"}],"replies":[{"embeddable":true,"href":"https:\/\/dekkbi.com\/index.php?rest_route=%2Fwp%2Fv2%2Fcomments&post=60814"}],"version-history":[{"count":1,"href":"https:\/\/dekkbi.com\/index.php?rest_route=\/wp\/v2\/posts\/60814\/revisions"}],"predecessor-version":[{"id":60816,"href":"https:\/\/dekkbi.com\/index.php?rest_route=\/wp\/v2\/posts\/60814\/revisions\/60816"}],"wp:featuredmedia":[{"embeddable":true,"href":"https:\/\/dekkbi.com\/index.php?rest_route=\/wp\/v2\/media\/60815"}],"wp:attachment":[{"href":"https:\/\/dekkbi.com\/index.php?rest_route=%2Fwp%2Fv2%2Fmedia&parent=60814"}],"wp:term":[{"taxonomy":"category","embeddable":true,"href":"https:\/\/dekkbi.com\/index.php?rest_route=%2Fwp%2Fv2%2Fcategories&post=60814"},{"taxonomy":"post_tag","embeddable":true,"href":"https:\/\/dekkbi.com\/index.php?rest_route=%2Fwp%2Fv2%2Ftags&post=60814"}],"curies":[{"name":"wp","href":"https:\/\/api.w.org\/{rel}","templated":true}]}}