{"id":60808,"date":"2025-07-31T09:29:56","date_gmt":"2025-07-31T09:29:56","guid":{"rendered":"https:\/\/dekkbi.com\/?p=60808"},"modified":"2025-07-31T09:29:57","modified_gmt":"2025-07-31T09:29:57","slug":"pape-natango-mbaye-premier-laureat-de-la-medaille-gainde-de-la-performance","status":"publish","type":"post","link":"https:\/\/dekkbi.com\/?p=60808","title":{"rendered":"Pape Natango Mbaye, premier laur\u00e9at de la \u201dM\u00e9daille Ga\u00efnd\u00e9 de la performance\u201d"},"content":{"rendered":"\n<p>Dakar, (APS) \u2013 Le pr\u00e9sident de la R\u00e9publique, Bassirou Diomaye Diakhar Faye, a d\u00e9cern\u00e9, mercredi, la premi\u00e8re \u201dM\u00e9daille Ga\u00efnd\u00e9 de la performance\u201d au lyc\u00e9en Pape Natango Mbaye qui, malgr\u00e9 un handicap physique, a d\u00e9croch\u00e9 cette ann\u00e9e son Baccalaur\u00e9at en s\u00e9rie S2 au lyc\u00e9e de Ngane Sa\u00ebr, dans la commune de Kaolack (centre), renseigne un communiqu\u00e9 du minist\u00e8re de l\u2019Education nationale.<\/p>\n\n\n\n<p>Le laur\u00e9at de cette premi\u00e8re \u00e9dition a obtenu son dipl\u00f4me avec la mention \u201dBien\u201d \u00e0 la session 2025 du baccalaur\u00e9at.<\/p>\n\n\n\n<p>Il a su faire preuve d\u2019un \u201dcourage, d\u2019une pers\u00e9v\u00e9rance et d\u2019une r\u00e9silience remarquables. En d\u00e9pit d\u2019un handicap physique, il a poursuivi son parcours scolaire avec brio et a compos\u00e9 ses examens en \u00e9crivant avec ses pieds, illustrant ainsi une prouesse, une force de caract\u00e8re et un engagement admirable\u201d, explique-t-on dans le texte justifiant ce choix port\u00e9 sur Pape Natango Mbaye.<\/p>\n\n\n\n<p>Pour&nbsp; le minist\u00e8re de l\u2019Education nationale, \u201dcette m\u00e9daille vise \u00e0 honorer les citoyennes et citoyens s\u00e9n\u00e9galais qui se sont distingu\u00e9s par des exploits exceptionnels, des r\u00e9ussites majeures et des contributions significatives au progr\u00e8s et au rayonnement du S\u00e9n\u00e9gal\u201d.<\/p>\n\n\n\n<p>\u201dCe geste fort du Chef de l\u2019Etat traduit la volont\u00e9 de la Nation de c\u00e9l\u00e9brer les mod\u00e8les de d\u00e9passement de soi, d\u2019excellence et de m\u00e9rite. A travers cette distinction, le S\u00e9n\u00e9gal honore non seulement, une r\u00e9ussite scolaire, mais aussi un message d\u2019espoir et d\u2019inclusion pour tous les jeunes, quels que soient les obstacles auxquels ils sont confront\u00e9s \u00bb, a soulign\u00e9 le minist\u00e8re.<\/p>\n\n\n\n<p>Pape Natango Mbaye sera officiellement d\u00e9cor\u00e9 lors de la c\u00e9r\u00e9monie de remise des prix aux laur\u00e9ats du Concours g\u00e9n\u00e9ral pr\u00e9vue ce jeudi, au Grand th\u00e9\u00e2tre de Dakar, un \u00e9v\u00e9nement \u201dsymbolique\u201d qui c\u00e9l\u00e8bre chaque ann\u00e9e l\u2019excellence scolaire \u00e0 l\u2019\u00e9chelle nationale.<\/p>\n\n\n\n<p>Le minist\u00e8re de l\u2019Education nationale adresse ses \u201dplus vives f\u00e9licitations \u00e0 ce jeune h\u00e9ros de la R\u00e9publique\u201d et r\u00e9affirme son engagement \u00e0 promouvoir une \u00e9cole \u201cinclusive, \u00e9quitable et tourn\u00e9e vers l\u2019excellence\u201d.<\/p>\n\n\n\n<p>Pape Natango Mbaye, \u00e9l\u00e8ve en situation de handicap en classe de Terminale S2 au lyc\u00e9e de Ngane, dans la commune de Kaolack \u00e9crivant avec ses pieds, est arriv\u00e9 premier du centre.<\/p>\n\n\n\n<p>AFD\/FKS\/HK<\/p>\n","protected":false},"excerpt":{"rendered":"<p>Dakar, (APS) \u2013 Le pr\u00e9sident de la R\u00e9publique, Bassirou Diomaye Diakhar Faye, a d\u00e9cern\u00e9, mercredi, la premi\u00e8re \u201dM\u00e9daille Ga\u00efnd\u00e9 de<\/p>\n","protected":false},"author":1,"featured_media":59439,"comment_status":"open","ping_status":"open","sticky":false,"template":"","format":"standard","meta":{"footnotes":""},"categories":[21],"tags":[],"class_list":["post-60808","post","type-post","status-publish","format-standard","has-post-thumbnail","hentry","category-societe"],"_links":{"self":[{"href":"https:\/\/dekkbi.com\/index.php?rest_route=\/wp\/v2\/posts\/60808","targetHints":{"allow":["GET"]}}],"collection":[{"href":"https:\/\/dekkbi.com\/index.php?rest_route=\/wp\/v2\/posts"}],"about":[{"href":"https:\/\/dekkbi.com\/index.php?rest_route=\/wp\/v2\/types\/post"}],"author":[{"embeddable":true,"href":"https:\/\/dekkbi.com\/index.php?rest_route=\/wp\/v2\/users\/1"}],"replies":[{"embeddable":true,"href":"https:\/\/dekkbi.com\/index.php?rest_route=%2Fwp%2Fv2%2Fcomments&post=60808"}],"version-history":[{"count":1,"href":"https:\/\/dekkbi.com\/index.php?rest_route=\/wp\/v2\/posts\/60808\/revisions"}],"predecessor-version":[{"id":60809,"href":"https:\/\/dekkbi.com\/index.php?rest_route=\/wp\/v2\/posts\/60808\/revisions\/60809"}],"wp:featuredmedia":[{"embeddable":true,"href":"https:\/\/dekkbi.com\/index.php?rest_route=\/wp\/v2\/media\/59439"}],"wp:attachment":[{"href":"https:\/\/dekkbi.com\/index.php?rest_route=%2Fwp%2Fv2%2Fmedia&parent=60808"}],"wp:term":[{"taxonomy":"category","embeddable":true,"href":"https:\/\/dekkbi.com\/index.php?rest_route=%2Fwp%2Fv2%2Fcategories&post=60808"},{"taxonomy":"post_tag","embeddable":true,"href":"https:\/\/dekkbi.com\/index.php?rest_route=%2Fwp%2Fv2%2Ftags&post=60808"}],"curies":[{"name":"wp","href":"https:\/\/api.w.org\/{rel}","templated":true}]}}