{"id":60805,"date":"2025-07-31T09:27:45","date_gmt":"2025-07-31T09:27:45","guid":{"rendered":"https:\/\/dekkbi.com\/?p=60805"},"modified":"2025-07-31T09:32:04","modified_gmt":"2025-07-31T09:32:04","slug":"fete-du-trone-la-cooperation-bilaterale-entre-le-maroc-et-le-senegal-magnifiee","status":"publish","type":"post","link":"https:\/\/dekkbi.com\/?p=60805","title":{"rendered":"F\u00eate du Tr\u00f4ne : la coop\u00e9ration bilat\u00e9rale entre le Maroc et le S\u00e9n\u00e9gal magnifi\u00e9e\u2026"},"content":{"rendered":"\n<p><a href=\"https:\/\/lesoleil.sn\/wp-content\/uploads\/2025\/07\/IMG-20250731-WA0059.jpg\"><\/a><strong>L\u2019ambassadeur du Maroc au S\u00e9n\u00e9gal a organis\u00e9, hier, mercredi 30 juillet, dans sa r\u00e9sidence \u00e0 Dakar, le 26e anniversaire de l\u2019intronisation au tr\u00f4ne ch\u00e9rifien de Sa Majest\u00e9 le roi Mohammed VI. Hassan Naciri a saisi cette occasion pour magnifier la solidit\u00e9 de la coop\u00e9ration bilat\u00e9rale entre les deux pays.\u00a0\u00a0<\/strong><\/p>\n\n\n\n<p>L\u2019ambassadeur du Maroc au S\u00e9n\u00e9gal a c\u00e9l\u00e9br\u00e9 hier, mercredi 30 juillet 2025, dans sa r\u00e9sidence \u00e0 Dakar, le 26e anniversaire de l\u2019intronisation au tr\u00f4ne ch\u00e9rifien de Sa Majest\u00e9 le Roi Mohammed VI. Devant un parterre d\u2019invit\u00e9s de marque tri\u00e9s sur le volet, Hassan Naciri a d\u2019embl\u00e9e exprim\u00e9 toute sa satisfaction \u00e0 comm\u00e9morer cette f\u00eate, laquelle incarne, \u00e0 son avis, la p\u00e9rennit\u00e9 d\u2019une institution mill\u00e9naire et surtout une vision audacieuse port\u00e9e par un souverain \u00e9clair\u00e9, r\u00e9solument tourn\u00e9 vers l\u2019avenir.<\/p>\n\n\n\n<p>Le diplomate a ensuite salu\u00e9 les relations de coop\u00e9ration bilat\u00e9rale entre le S\u00e9n\u00e9gal et le Royaume ch\u00e9rifien. Pour lui, le pr\u00e9sident Bassirou Diomaye Faye et le Roi Mohammed VI partagent la m\u00eame vision d\u2019une Afrique forte, souveraine dans ses choix, unie dans ses valeurs et ma\u00eetresse de son destin. Une convergence de vues qui, ajoute-t-il, conforte davantage la solidit\u00e9 du partenariat strat\u00e9gique entre les deux pays et leur engagement commun en faveur d\u2019une Afrique de paix, d\u2019int\u00e9gration et de prosp\u00e9rit\u00e9.<\/p>\n\n\n\n<h4 class=\"wp-block-heading\">Une coop\u00e9ration bilat\u00e9rale dynamique<\/h4>\n\n\n\n<p>\u00ab Depuis juillet dernier, il a \u00e9t\u00e9 not\u00e9 l\u2019essor satisfaisant de plusieurs axes de coop\u00e9ration dans des secteurs strat\u00e9giques comme la formation, l\u2019agro-industrie, le b\u00e2timent, la sant\u00e9 et la culture. Des \u00e9v\u00e9nements \u00e9conomiques d\u2019envergure ont \u00e9t\u00e9 accueillis au S\u00e9n\u00e9gal, notamment le Salon marocain de la chimie et le Salon Elec-Expo Afrique, illustrant ainsi le dynamisme de notre coop\u00e9ration bilat\u00e9rale \u00bb, s\u2019est r\u00e9joui M.Naciri.<\/p>\n\n\n\n<p>Portant le message de son homologue de l\u2019Int\u00e9gration africaine et des Affaires \u00e9trang\u00e8res, le ministre de l\u2019Int\u00e9rieur, Jean-Baptiste Tine, a aussi salu\u00e9 la solidit\u00e9 des relations de coop\u00e9ration ainsi que les liens d\u2019amiti\u00e9 et de fraternit\u00e9 existant entre le Maroc et le S\u00e9n\u00e9gal.<\/p>\n\n\n\n<h5 class=\"wp-block-heading\">A lire aussi :<a href=\"https:\/\/lesoleil.sn\/actualites\/economie\/cooperation-air-senegal-renforce-son-partenariat-avec-royal-air-maroc\/\">&nbsp;Coop\u00e9ration : Air S\u00e9n\u00e9gal renforce son partenariat avec Royal Air Maroc<\/a><\/h5>\n\n\n\n<p>\u00c0 ce titre, il a indiqu\u00e9 : \u00ab Elles s\u2019enracinent dans une fraternit\u00e9 historique, une proximit\u00e9 spirituelle et dans une vision partag\u00e9e de l\u2019Afrique : celle d\u2019un continent ma\u00eetre de son destin. Nos deux pays entretiennent un dialogue politique permanent, empreint de confiance et de respect mutuel \u00bb.<\/p>\n\n\n\n<p>Cette qualit\u00e9 du lien, rench\u00e9rit le ministre, est renforc\u00e9e par une coop\u00e9ration dynamique dans les domaines les plus strat\u00e9giques : \u00e9ducation, enseignement sup\u00e9rieur, finance, agriculture, s\u00e9curit\u00e9, formation professionnelle, d\u00e9veloppement urbain\u2026<\/p>\n\n\n\n<p><strong>Ibrahima KAND\u00c9<\/strong><\/p>\n","protected":false},"excerpt":{"rendered":"<p>L\u2019ambassadeur du Maroc au S\u00e9n\u00e9gal a organis\u00e9, hier, mercredi 30 juillet, dans sa r\u00e9sidence \u00e0 Dakar, le 26e anniversaire de<\/p>\n","protected":false},"author":1,"featured_media":60811,"comment_status":"open","ping_status":"open","sticky":false,"template":"","format":"standard","meta":{"footnotes":""},"categories":[6],"tags":[],"class_list":["post-60805","post","type-post","status-publish","format-standard","has-post-thumbnail","hentry","category-politics"],"_links":{"self":[{"href":"https:\/\/dekkbi.com\/index.php?rest_route=\/wp\/v2\/posts\/60805","targetHints":{"allow":["GET"]}}],"collection":[{"href":"https:\/\/dekkbi.com\/index.php?rest_route=\/wp\/v2\/posts"}],"about":[{"href":"https:\/\/dekkbi.com\/index.php?rest_route=\/wp\/v2\/types\/post"}],"author":[{"embeddable":true,"href":"https:\/\/dekkbi.com\/index.php?rest_route=\/wp\/v2\/users\/1"}],"replies":[{"embeddable":true,"href":"https:\/\/dekkbi.com\/index.php?rest_route=%2Fwp%2Fv2%2Fcomments&post=60805"}],"version-history":[{"count":1,"href":"https:\/\/dekkbi.com\/index.php?rest_route=\/wp\/v2\/posts\/60805\/revisions"}],"predecessor-version":[{"id":60807,"href":"https:\/\/dekkbi.com\/index.php?rest_route=\/wp\/v2\/posts\/60805\/revisions\/60807"}],"wp:featuredmedia":[{"embeddable":true,"href":"https:\/\/dekkbi.com\/index.php?rest_route=\/wp\/v2\/media\/60811"}],"wp:attachment":[{"href":"https:\/\/dekkbi.com\/index.php?rest_route=%2Fwp%2Fv2%2Fmedia&parent=60805"}],"wp:term":[{"taxonomy":"category","embeddable":true,"href":"https:\/\/dekkbi.com\/index.php?rest_route=%2Fwp%2Fv2%2Fcategories&post=60805"},{"taxonomy":"post_tag","embeddable":true,"href":"https:\/\/dekkbi.com\/index.php?rest_route=%2Fwp%2Fv2%2Ftags&post=60805"}],"curies":[{"name":"wp","href":"https:\/\/api.w.org\/{rel}","templated":true}]}}