{"id":60753,"date":"2025-07-30T10:18:50","date_gmt":"2025-07-30T10:18:50","guid":{"rendered":"https:\/\/dekkbi.com\/?p=60753"},"modified":"2025-07-30T10:18:50","modified_gmt":"2025-07-30T10:18:50","slug":"gestion-du-foncier-le-crafs-soppose-a-la-centralisation-de-letat","status":"publish","type":"post","link":"https:\/\/dekkbi.com\/?p=60753","title":{"rendered":"Gestion du foncier : le Crafs s\u2019oppose \u00e0 la centralisation de l\u2019Etat"},"content":{"rendered":"\n<p><strong>Les organisations de la soci\u00e9t\u00e9 civile r\u00e9unies dans le cadre de R\u00e9flexion et d\u2019Action sur le Foncier au S\u00e9n\u00e9gal (Crafs), s\u2019opposent \u00e0 des id\u00e9es d\u00e9velopp\u00e9es par des proches du r\u00e9gime pr\u00f4nant une centralisation de la gestion fonci\u00e8re par l\u2019Etat. Le Crafs a tenu une conf\u00e9rence de presse hier, mardi 29 juillet 2025.&nbsp;&nbsp;<\/strong><\/p>\n\n\n\n<p>Le Cadre de R\u00e9flexion et d\u2019Action sur le Foncier au S\u00e9n\u00e9gal (Crafs), a tenu une conf\u00e9rence de presse hier, mardi 29 juillet 2025 pour exprimer un certain nombre de pr\u00e9occupations li\u00e9es \u00e0 la gestion fonci\u00e8re, notamment \u00e0 la suite des d\u00e9clarations du Premier ministre lors de sa D\u00e9claration de politique g\u00e9n\u00e9rale (Dpg) du 27 d\u00e9cembre 2024, annon\u00e7ant la cr\u00e9ation prochaine d\u2019une Agence nationale des Domaines et du Foncier, cens\u00e9e moderniser et rendre plus transparente la gestion fonci\u00e8re. Le Crafs alerte ainsi l\u2019\u00c9tat sur le danger que repr\u00e9sente une possible perte de contr\u00f4le des collectivit\u00e9s territoriales sur la gestion du foncier rural.<\/p>\n\n\n\n<p>S\u2019y ajoute la proposition du d\u00e9put\u00e9 Amadou Ba, vice-pr\u00e9sident de l\u2019Assembl\u00e9e nationale, qui sugg\u00e8re de suspendre les comp\u00e9tences fonci\u00e8res des collectivit\u00e9s territoriales au profit d\u2019une gestion centralis\u00e9e, confi\u00e9e \u00e0 l\u2019Agence nationale de l\u2019am\u00e9nagement du territoire (Anat)<\/p>\n\n\n\n<p>Le Crafs affirme s\u2019inqui\u00e9ter que de telles d\u00e9clarations et orientations, pourraient affaiblir le principe fondamental de la d\u00e9centralisation, ainsi que la lettre et l\u2019esprit de la loi sur le domaine national. Par cons\u00e9quent, il invite l\u2019\u00c9tat du S\u00e9n\u00e9gal \u00e0 engager des concertations en vue d\u2019une r\u00e9forme fonci\u00e8re&nbsp;&nbsp; inclusive, coh\u00e9rente, transparente et participative, construite avec et pour les communaut\u00e9s locales.<\/p>\n\n\n\n<p>Toutefois, il s\u2019oppose \u00e0 toute politique d\u2019immatriculation syst\u00e9matique des terres, per\u00e7ue comme une privatisation d\u00e9guis\u00e9e du foncier. Il d\u00e9fend le maintien de l\u2019esprit de la loi sur le domaine national, fond\u00e9e sur l\u2019inali\u00e9nabilit\u00e9 des terres et la reconnaissance du droit d\u2019usage par les collectivit\u00e9s territoriales. Pour l\u2019organisation, l\u2019investissement priv\u00e9 peut jouer un r\u00f4le important dans le d\u00e9veloppement, \u00e0 condition d\u2019\u00eatre n\u00e9goci\u00e9 avec les communaut\u00e9s locales. Le Crafs propose l\u2019\u00e9laboration de cahiers des charges contractualis\u00e9s, fixant les r\u00e8gles du partenariat, les usages du foncier et les retomb\u00e9es attendues pour les populations. Pour une gestion transparente et d\u00e9mocratique, le Crafs recommande la cr\u00e9ation de comit\u00e9s villageois paritaires et inclusifs, garants d\u2019un dialogue permanent entre les parties prenantes. Ces instances s\u2019inscrivent dans le prolongement de l\u2019article 83 du Code g\u00e9n\u00e9ral des collectivit\u00e9s territoriales.<\/p>\n\n\n\n<p>Tout en refusant les ventes ou donations d\u00e9finitives de terres du domaine national, le Crafs admet certaines formes de mobilit\u00e9 fonci\u00e8re comme le pr\u00eat \u00e0 titre gracieux ou la location temporaire, \u00e0 condition qu\u2019elles soient encadr\u00e9es et r\u00e9versibles. Le Crafs milite pour la reconnaissance juridique des droits fonciers coutumiers, au m\u00eame titre que les droits formels.<\/p>\n\n\n\n<p>Le Crafs insiste sur la d\u00e9limitation et la s\u00e9curisation des zones pastorales, des for\u00eats communautaires, des espaces halieutiques et des terres agricoles, afin de pr\u00e9server leur vocation collective et pr\u00e9venir les conflits r\u00e9currents entre usagers. Il invite l\u2019Etat \u00e0 \u00e9viter des r\u00e9formes sectorielles qui ne prennent pas en compte la dimension transversale du foncier y compris les questions du changement climatique(agro\u00e9cologie).&nbsp; Le Crafs rappelle la contribution majeure des femmes et des jeunes dans le d\u00e9veloppement socio-\u00e9conomique du S\u00e9n\u00e9gal. Une r\u00e9forme fonci\u00e8re sans la prise en compte r\u00e9elle des droits fonciers des femmes qui est un droit constitutionnel serait inopportune.<\/p>\n\n\n\n<p>Le Crafs salue une volont\u00e9 politique des autorit\u00e9s actuelles d\u2019instaurer une gestion et une gouvernance transparente du foncier dans les zones urbaines, p\u00e9riurbaines et rurales. Cette volont\u00e9 s\u2019est notamment traduite par une mesure de suspension des op\u00e9rations fonci\u00e8res sur le littoral et dans les zones de litiges fonciers, en vue d\u2019une meilleure visibilit\u00e9. Le Crafs approuve cette volont\u00e9 de reformer le foncier et exhorte l\u2019\u00c9tat du S\u00e9n\u00e9gal \u00e0 poursuivre cette dynamique en faveur d\u2019une gestion transparente, inclusive, responsable et durable du foncier et des ressources naturelles. Il approuve aussi, un engagement r\u00e9affirm\u00e9 du pr\u00e9sident de la R\u00e9publique lors du conseil des Ministres du 18 juin&nbsp; 2025 \u00e0 r\u00e9former le foncier, Il a donn\u00e9 instruction au Gouvernement, sous la supervision du Premier ministre, d\u2019engager les concertations appropri\u00e9es et d\u2019accomplir les diligences requises, en vue d\u2019acc\u00e9l\u00e9rer la mise en \u0153uvre d\u2019une r\u00e9forme fonci\u00e8re consensuelle en capitalisant les diagnostics, \u00e9tudes, rapports, propositions, conclusions et recommandations \u00e9labor\u00e9s sur la probl\u00e9matique, notamment les travaux de la Commission nationale de R\u00e9forme fonci\u00e8re (Cnrf) et une volont\u00e9 de reformer l\u2019Acte III de la d\u00e9centralisation au S\u00e9n\u00e9gal et l\u2019instauration de huit (08) p\u00f4les-territoires de d\u00e9veloppement.<\/p>\n\n\n\n<p><strong>FATOU NDIAYE<\/strong><\/p>\n\n\n\n<p>SUDQUOTIDIEN<\/p>\n","protected":false},"excerpt":{"rendered":"<p>Les organisations de la soci\u00e9t\u00e9 civile r\u00e9unies dans le cadre de R\u00e9flexion et d\u2019Action sur le Foncier au S\u00e9n\u00e9gal (Crafs),<\/p>\n","protected":false},"author":1,"featured_media":60754,"comment_status":"open","ping_status":"open","sticky":false,"template":"","format":"standard","meta":{"footnotes":""},"categories":[21],"tags":[],"class_list":["post-60753","post","type-post","status-publish","format-standard","has-post-thumbnail","hentry","category-societe"],"_links":{"self":[{"href":"https:\/\/dekkbi.com\/index.php?rest_route=\/wp\/v2\/posts\/60753","targetHints":{"allow":["GET"]}}],"collection":[{"href":"https:\/\/dekkbi.com\/index.php?rest_route=\/wp\/v2\/posts"}],"about":[{"href":"https:\/\/dekkbi.com\/index.php?rest_route=\/wp\/v2\/types\/post"}],"author":[{"embeddable":true,"href":"https:\/\/dekkbi.com\/index.php?rest_route=\/wp\/v2\/users\/1"}],"replies":[{"embeddable":true,"href":"https:\/\/dekkbi.com\/index.php?rest_route=%2Fwp%2Fv2%2Fcomments&post=60753"}],"version-history":[{"count":1,"href":"https:\/\/dekkbi.com\/index.php?rest_route=\/wp\/v2\/posts\/60753\/revisions"}],"predecessor-version":[{"id":60755,"href":"https:\/\/dekkbi.com\/index.php?rest_route=\/wp\/v2\/posts\/60753\/revisions\/60755"}],"wp:featuredmedia":[{"embeddable":true,"href":"https:\/\/dekkbi.com\/index.php?rest_route=\/wp\/v2\/media\/60754"}],"wp:attachment":[{"href":"https:\/\/dekkbi.com\/index.php?rest_route=%2Fwp%2Fv2%2Fmedia&parent=60753"}],"wp:term":[{"taxonomy":"category","embeddable":true,"href":"https:\/\/dekkbi.com\/index.php?rest_route=%2Fwp%2Fv2%2Fcategories&post=60753"},{"taxonomy":"post_tag","embeddable":true,"href":"https:\/\/dekkbi.com\/index.php?rest_route=%2Fwp%2Fv2%2Ftags&post=60753"}],"curies":[{"name":"wp","href":"https:\/\/api.w.org\/{rel}","templated":true}]}}