{"id":60748,"date":"2025-07-30T10:03:08","date_gmt":"2025-07-30T10:03:08","guid":{"rendered":"https:\/\/dekkbi.com\/?p=60748"},"modified":"2025-07-30T10:14:02","modified_gmt":"2025-07-30T10:14:02","slug":"redressement-economique-30-ans-apres-un-nouveau-plan-a-2","status":"publish","type":"post","link":"https:\/\/dekkbi.com\/?p=60748","title":{"rendered":"Redressement \u00e9conomique : 30 ANS APR\u00c8S, UN NOUVEAU PLAN \u00c0 2"},"content":{"rendered":"\n<p><strong>Le tandem de l\u2019Ex\u00e9cutif lance, vendredi, son Plan de redressement \u00e9conomique et social ou Jubanti Kom, pour faire face \u00e0 une \u00absituation h\u00e9rit\u00e9e\u00bb. Il y a 29 ans, le S\u00e9n\u00e9gal avait aussi lanc\u00e9, sous Abdou Diouf, le Plan d\u2019urgence de redressement de la situation des finances publiques, appel\u00e9 Plan Sakho-Loum, constitu\u00e9 de mesures d\u2019aust\u00e9rit\u00e9 comme la r\u00e9duction des salaires des fonctionnaires. Avec comme cons\u00e9quence, pour Diouf, la perte du pouvoir.&nbsp;<\/strong><\/p>\n\n\n\n<p><strong>Par Bocar SAKHO \u2013&nbsp;<\/strong>Vendredi, Diomaye et Sonko vont lancer le Plan de redressement national pour faire face \u00ab\u00e0 la situation \u00e9conomique h\u00e9rit\u00e9e\u00bb. C\u2019est le temps du \u00abchoix de l\u2019action et des solutions\u00bb pour remettre sur le chemin de la relance et de la prosp\u00e9rit\u00e9 un \u00abpays en ruines\u00bb. C\u2019est dans un \u00abLive\u00bb fait le 1er juillet que le Premier ministre avait annonc\u00e9 qu\u2019un plan allait \u00eatre partag\u00e9 sous peu pour endiguer la crise \u00e9conomique.<\/p>\n\n\n\n<p>Aujourd\u2019hui, le Plan de redressement national sera-t-il un compl\u00e9ment de l\u2019Agenda national de transformation S\u00e9n\u00e9gal 2050, des politiques publiques ? Et va-t-il pr\u00e9c\u00e9der les phases d\u2019impulsion 2025-2034 et d\u2019acc\u00e9l\u00e9ration 2025-2050 ? Comment activer la relance des activit\u00e9s \u00e9conomiques, la r\u00e9duction de la dette, entre autres, avec un pays dont les notes souveraines ont \u00e9t\u00e9 d\u00e9grad\u00e9es par les diff\u00e9rentes agences de notation ? Cela fait craindre la mise en place d\u2019une cure d\u2019aust\u00e9rit\u00e9, surtout apr\u00e8s l\u2019annonce de la banque britannique Barclays, qui avait r\u00e9\u00e9valu\u00e9 la dette publique du pays \u00e0 119% du Pib pour 2024. Il y a plusieurs mois, le Premier ministre avait annonc\u00e9 la fusion de plusieurs directions et\/ou agences, la r\u00e9duction du train de vie de l\u2019Etat, dans un contexte o\u00f9 les relations avec le Fonds mon\u00e9taire international sont toujours glaciales. Le Fmi, qui est en train d\u2019\u00e9tudier le rapport du Cabinet Mazars, enverra \u00e0 Dakar, \u00e0 la fin du mois d\u2019ao\u00fbt, une nouvelle mission qui pourrait fonder un nouveau cadre de partenariat apr\u00e8s les r\u00e9v\u00e9lations de falsification des comptes publics dont une dette cach\u00e9e de plus 5 mille milliards de F Cfa.<\/p>\n\n\n\n<p><strong>Aust\u00e9rit\u00e9 et tension \u00e9conomique<\/strong><\/p>\n\n\n\n<p>La m\u00eame institution de Bretton Woods avait refus\u00e9 de soutenir le Plan Sakho-Loum (Ndlr&nbsp;: 1993-1995, anciens ministres de l\u2019Economie et des finances et aussi du Budget), qui fut aussi un plan d\u2019urgence de redressement de la situation des finances publiques pour le financement par emprunts obligataires et la r\u00e9duction drastique des d\u00e9penses publiques. Dans le cadre des plans d\u2019ajustement structurel, le Fmi avait appuy\u00e9 le pays avec la Facilit\u00e9 d\u2019ajustement structurel renforc\u00e9e (Fasr) sur la p\u00e9riode 1994-1998. Elle sera suivie d\u2019un second arrangement sur la p\u00e9riode 1998-2000, puis la Facilit\u00e9 pour la r\u00e9duction de la pauvret\u00e9 et pour la croissance (Frpc) entre 2000 et 2002. Avec les mesures prises \u00e0 l\u2019\u00e9poque, comme la r\u00e9duction des salaires des fonctionnaires de 15%, le pr\u00e9l\u00e8vement d\u2019une journ\u00e9e de salaire par mois dans le priv\u00e9, la g\u00e9n\u00e9ralisation de la Tva et la suppression des exon\u00e9rations douani\u00e8res. A l\u2019\u00e9poque, les syndicats, exc\u00e9d\u00e9s par ces mesures, r\u00e2lent, avant que ne frappe les m\u00e9nages, comme un tsunami, le 12 janvier 1994, la d\u00e9valuation du franc Cfa.<\/p>\n\n\n\n<p>La monnaie commune perd 50% de sa valeur, provoquant une hausse de presque 25% des prix des denr\u00e9es, alors que l\u2019inflation fr\u00f4le les 30%. Avec le Plan Diomaye-Sonko, \u00e0 la t\u00eate d\u2019un pays o\u00f9 l\u2019impatience est latente et s\u2019ajoute \u00e0 l\u2019attente de la concr\u00e9tisation des promesses \u00e9lectorales mirobolantes, c\u2019est le temps de \u00abl\u2019action et des solutions\u00bb. A quel co\u00fbt&nbsp;? Comme il y a pr\u00e8s de 30 ans d\u00e9j\u00e0, les priorit\u00e9s pour les populations n\u2019ont pas chang\u00e9, elles se sont m\u00eame accrues. La jeunesse est toujours sevr\u00e9e d\u2019emplois d\u00e9cents, tandis que le syst\u00e8me \u00e9ducatif, depuis Diouf, et malgr\u00e9 les efforts accomplis par Wade et Macky Sall, s\u2019est encore plus d\u00e9grad\u00e9. Et le ministre de l\u2019Enseignement sup\u00e9rieur du tandem \u00abSonko mooy Diomaye\u00bb, comme un parent d\u00e9courag\u00e9, se plaint des \u00e9normes montants consacr\u00e9s aux \u00e9tudiants. Oubliant qu\u2019il avait \u00e9t\u00e9 accueilli en messie lors de sa nomination dans ce secteur.<\/p>\n\n\n\n<p>S\u2019ils avaient trouv\u00e9 un pays souffrant \u00e0 leur arriv\u00e9e, les nouveaux dirigeants l\u2019ont aujourd\u2019hui rendu exsangue. Le Plan de relance de ce vendredi est leur derni\u00e8re cartouche. Il leur faudra faire mieux que leurs pr\u00e9d\u00e9cesseurs. Car, comme Sakho et Loum, ce qui sera difficile pour eux \u00e0 retrouver, ce ne sont pas seulement des finances pour relancer la machine. La chose qu\u2019ils ont le plus dilapid\u00e9 \u00e0 ce jour, c\u2019est la confiance de leurs compatriotes, sans laquelle aucune relance ne sera possible \u00e0 moyen terme. En 2000, Abdou Diouf, qui assurait que \u00abnos fruits sont m\u00fbrs\u00bb, n\u2019avait pu obtenir un nouveau mandat. \u00abDiomaye mooy Sonko\u00bb fera-t-il mieux\u00a0?<\/p>\n\n\n\n<p><strong>bsakho@lequotidien.sn<\/strong><\/p>\n","protected":false},"excerpt":{"rendered":"<p>Le tandem de l\u2019Ex\u00e9cutif lance, vendredi, son Plan de redressement \u00e9conomique et social ou Jubanti Kom, pour faire face \u00e0<\/p>\n","protected":false},"author":1,"featured_media":60751,"comment_status":"open","ping_status":"open","sticky":false,"template":"","format":"standard","meta":{"footnotes":""},"categories":[6],"tags":[],"class_list":["post-60748","post","type-post","status-publish","format-standard","has-post-thumbnail","hentry","category-politics"],"_links":{"self":[{"href":"https:\/\/dekkbi.com\/index.php?rest_route=\/wp\/v2\/posts\/60748","targetHints":{"allow":["GET"]}}],"collection":[{"href":"https:\/\/dekkbi.com\/index.php?rest_route=\/wp\/v2\/posts"}],"about":[{"href":"https:\/\/dekkbi.com\/index.php?rest_route=\/wp\/v2\/types\/post"}],"author":[{"embeddable":true,"href":"https:\/\/dekkbi.com\/index.php?rest_route=\/wp\/v2\/users\/1"}],"replies":[{"embeddable":true,"href":"https:\/\/dekkbi.com\/index.php?rest_route=%2Fwp%2Fv2%2Fcomments&post=60748"}],"version-history":[{"count":1,"href":"https:\/\/dekkbi.com\/index.php?rest_route=\/wp\/v2\/posts\/60748\/revisions"}],"predecessor-version":[{"id":60749,"href":"https:\/\/dekkbi.com\/index.php?rest_route=\/wp\/v2\/posts\/60748\/revisions\/60749"}],"wp:featuredmedia":[{"embeddable":true,"href":"https:\/\/dekkbi.com\/index.php?rest_route=\/wp\/v2\/media\/60751"}],"wp:attachment":[{"href":"https:\/\/dekkbi.com\/index.php?rest_route=%2Fwp%2Fv2%2Fmedia&parent=60748"}],"wp:term":[{"taxonomy":"category","embeddable":true,"href":"https:\/\/dekkbi.com\/index.php?rest_route=%2Fwp%2Fv2%2Fcategories&post=60748"},{"taxonomy":"post_tag","embeddable":true,"href":"https:\/\/dekkbi.com\/index.php?rest_route=%2Fwp%2Fv2%2Ftags&post=60748"}],"curies":[{"name":"wp","href":"https:\/\/api.w.org\/{rel}","templated":true}]}}