{"id":60728,"date":"2025-07-30T09:37:46","date_gmt":"2025-07-30T09:37:46","guid":{"rendered":"https:\/\/dekkbi.com\/?p=60728"},"modified":"2025-07-30T09:37:46","modified_gmt":"2025-07-30T09:37:46","slug":"conference-mondiale-des-presidents-de-parlement-la-paix-la-justice-et-la-prosperite-au-menu-de-la-6e-edition","status":"publish","type":"post","link":"https:\/\/dekkbi.com\/?p=60728","title":{"rendered":"Conf\u00e9rence mondiale des pr\u00e9sidents de Parlement :La paix, la justice et la prosp\u00e9rit\u00e9 au menu de la 6e \u00e9dition"},"content":{"rendered":"\n<p><strong>Gen\u00e8ve (Suisse) accueille depuis hier la 6e Conf\u00e9rence mondiale des pr\u00e9sidents de Parlement. Une \u00e9dition ax\u00e9e sur le th\u00e8me : \u00ab Le monde dans la tourmente : coop\u00e9ration parlementaire et multilat\u00e9ralisme en faveur de la paix, de la justice et de la prosp\u00e9rit\u00e9 pour tous \u00bb.<\/strong><\/p>\n\n\n\n<p>Le pr\u00e9sident de l\u2019Assembl\u00e9e nationale, El Malick Ndiaye, a pris part, hier, mardi 29 juillet, \u00e0 Gen\u00e8ve, \u00e0 la c\u00e9r\u00e9monie d\u2019ouverture de la 6e Conf\u00e9rence mondiale des pr\u00e9sidents de Parlement organis\u00e9e par l\u2019Union interparlementaire (Uip) en partenariat avec les Nations unies.<\/p>\n\n\n\n<p>La rencontre est ax\u00e9e sous le th\u00e8me : \u00ab Le monde dans la tourmente : coop\u00e9ration parlementaire et multilat\u00e9ralisme en faveur de la paix, de la justice et de la prosp\u00e9rit\u00e9 pour tous \u00bb.<\/p>\n\n\n\n<p>Au programme, renseigne les services de l\u2019Assembl\u00e9e nationale s\u00e9n\u00e9galaise, le pr\u00e9sident Ndiaye interviendra en s\u00e9ance pl\u00e9ni\u00e8re pour partager la vision du pays sur les grands enjeux parlementaires, particuli\u00e8rement la d\u00e9mocratie, la justice et la paix.<\/p>\n\n\n\n<p>Il doit \u00e9galement participer \u00e0 plusieurs panels th\u00e9matiques et tenir des rencontres bilat\u00e9rales avec le secr\u00e9taire g\u00e9n\u00e9ral de l\u2019Uip ainsi que des homologues afin de renforcer la coop\u00e9ration interparlementaire du S\u00e9n\u00e9gal.<\/p>\n\n\n\n<p>Cr\u00e9\u00e9e en 2000 et organis\u00e9e tous les cinq ans, la Conf\u00e9rence de l\u2019Uip offre un espace unique aux dirigeants parlementaires du monde entier pour se r\u00e9unir et dialoguer \u00e0 haut niveau avec les Nations unies.<\/p>\n\n\n\n<p>La 6e Conf\u00e9rence mondiale des pr\u00e9sidents de parlement de l\u2019Uip se tient du 29 au 31 juillet en Suisse.<\/p>\n\n\n\n<p>La c\u00e9r\u00e9monie d\u2019ouverture a vu, entre autres, la pr\u00e9sence de la pr\u00e9sidente de l\u2019Uip, Tulia Ackson, et du secr\u00e9taire g\u00e9n\u00e9ral de l\u2019Uip, Martin Chungong, ainsi que les chefs de d\u00e9l\u00e9gation de plus de 115 Parlements membres.<\/p>\n\n\n\n<p>Dans son discours inaugural, Mme Ackson a soulign\u00e9 l\u2019importance cruciale du th\u00e8me de la rencontre dans un contexte mondial marqu\u00e9 par des conflits arm\u00e9s, des instabilit\u00e9s politiques, des violations du droit international, la diminution des engagements multilat\u00e9raux et des ressources pour le d\u00e9veloppement durable.<\/p>\n\n\n\n<p>Elle a appel\u00e9 les Parlements \u00e0 soutenir l\u2019Uip dans son r\u00f4le de coordination pour promouvoir la paix, la d\u00e9mocratie, le d\u00e9veloppement, la primaut\u00e9 du droit, la garantie de l\u2019\u00e9quit\u00e9 sociale, la r\u00e9duction de la pauvret\u00e9 et des \u00e9carts de d\u00e9veloppement.<\/p>\n\n\n\n<p>La pr\u00e9sidente de l\u2019Uip a \u00e9galement mis l\u2019accent sur la n\u00e9cessit\u00e9 d\u2019att\u00e9nuer les effets du changement climatique et de mieux g\u00e9rer les enjeux li\u00e9s \u00e0 l\u2019Intelligence artificielle (Ia).<\/p>\n\n\n\n<p>Le secr\u00e9taire g\u00e9n\u00e9ral de l\u2019Uip a, lui, pr\u00e9cis\u00e9 que la diplomatie parlementaire est essentielle pour promouvoir la paix et la coop\u00e9ration internationale. Cela, par le dialogue et l\u2019instauration de la confiance.<\/p>\n\n\n\n<p>Martin Chungong a aussi invit\u00e9 \u00e0 promouvoir l\u2019\u00e9galit\u00e9 des sexes dans les Parlements et \u00e0 lutter contre la discrimination et la violence fond\u00e9es sur le genre.<\/p>\n\n\n\n<p><strong>Aly DIOUF<\/strong><\/p>\n","protected":false},"excerpt":{"rendered":"<p>Gen\u00e8ve (Suisse) accueille depuis hier la 6e Conf\u00e9rence mondiale des pr\u00e9sidents de Parlement. Une \u00e9dition ax\u00e9e sur le th\u00e8me :<\/p>\n","protected":false},"author":1,"featured_media":60729,"comment_status":"open","ping_status":"open","sticky":false,"template":"","format":"standard","meta":{"footnotes":""},"categories":[6],"tags":[],"class_list":["post-60728","post","type-post","status-publish","format-standard","has-post-thumbnail","hentry","category-politics"],"_links":{"self":[{"href":"https:\/\/dekkbi.com\/index.php?rest_route=\/wp\/v2\/posts\/60728","targetHints":{"allow":["GET"]}}],"collection":[{"href":"https:\/\/dekkbi.com\/index.php?rest_route=\/wp\/v2\/posts"}],"about":[{"href":"https:\/\/dekkbi.com\/index.php?rest_route=\/wp\/v2\/types\/post"}],"author":[{"embeddable":true,"href":"https:\/\/dekkbi.com\/index.php?rest_route=\/wp\/v2\/users\/1"}],"replies":[{"embeddable":true,"href":"https:\/\/dekkbi.com\/index.php?rest_route=%2Fwp%2Fv2%2Fcomments&post=60728"}],"version-history":[{"count":1,"href":"https:\/\/dekkbi.com\/index.php?rest_route=\/wp\/v2\/posts\/60728\/revisions"}],"predecessor-version":[{"id":60730,"href":"https:\/\/dekkbi.com\/index.php?rest_route=\/wp\/v2\/posts\/60728\/revisions\/60730"}],"wp:featuredmedia":[{"embeddable":true,"href":"https:\/\/dekkbi.com\/index.php?rest_route=\/wp\/v2\/media\/60729"}],"wp:attachment":[{"href":"https:\/\/dekkbi.com\/index.php?rest_route=%2Fwp%2Fv2%2Fmedia&parent=60728"}],"wp:term":[{"taxonomy":"category","embeddable":true,"href":"https:\/\/dekkbi.com\/index.php?rest_route=%2Fwp%2Fv2%2Fcategories&post=60728"},{"taxonomy":"post_tag","embeddable":true,"href":"https:\/\/dekkbi.com\/index.php?rest_route=%2Fwp%2Fv2%2Ftags&post=60728"}],"curies":[{"name":"wp","href":"https:\/\/api.w.org\/{rel}","templated":true}]}}