{"id":60724,"date":"2025-07-30T09:30:28","date_gmt":"2025-07-30T09:30:28","guid":{"rendered":"https:\/\/dekkbi.com\/?p=60724"},"modified":"2025-07-30T09:30:29","modified_gmt":"2025-07-30T09:30:29","slug":"installation-du-copil-de-force-n-80-000-jeunes-senegalais-seront-formes-aux-metiers-du-numerique","status":"publish","type":"post","link":"https:\/\/dekkbi.com\/?p=60724","title":{"rendered":"Installation du COPIL de FORCE-N : 80 000 jeunes s\u00e9n\u00e9galais seront form\u00e9s aux m\u00e9tiers du num\u00e9rique"},"content":{"rendered":"\n<p><a href=\"https:\/\/lesoleil.sn\/wp-content\/uploads\/2025\/07\/Abdourahmane-Diouf.jpg\"><\/a>Le Ministre de l\u2019Enseignement Sup\u00e9rieur, de la Recherche et de l\u2019Innovation a proc\u00e9d\u00e9, ce 29 juillet 2025 \u00e0 Diamniadio, au lancement officiel du Comit\u00e9 de Pilotage du programme FORCE-N, en pr\u00e9sence des partenaires cl\u00e9s, dont la Fondation Mastercard.<\/p>\n\n\n\n<p>Port\u00e9 par l\u2019Universit\u00e9 Num\u00e9rique Cheikh Hamidou Kane, ce programme ambitieux vise \u00e0 former 80 000 jeunes aux m\u00e9tiers du num\u00e9rique, \u00e0 ins\u00e9rer 70 000 d\u2019entre eux dans des emplois r\u00e9mun\u00e9r\u00e9s \u00e0 accompagner 10 000 entrepreneurs et \u00e0 cr\u00e9er 1 000 startups. Il s\u2019inscrit dans le cadre du New Deal Technologique et de l\u2019Agenda 2050 du S\u00e9n\u00e9gal.<\/p>\n\n\n\n<p>FORCE-N agit sur plusieurs axes : la formation, l\u2019insertion professionnelle, l\u2019entrepreneuriat, la digitalisation de l\u2019administration et la promotion de l\u2019intelligence artificielle. Le ministre a salu\u00e9 l\u2019engagement des partenaires et soulign\u00e9 que ce programme constitue un levier strat\u00e9gique pour un d\u00e9veloppement num\u00e9rique inclusif et durable du pays. Le Comit\u00e9 de Pilotage aura pour mission d\u2019assurer la bonne gouvernance du programme et de veiller \u00e0 l\u2019amplification de ses r\u00e9sultats.<\/p>\n\n\n\n<p><strong>A.NDIAYE<\/strong><br>LESOLEIL<\/p>\n","protected":false},"excerpt":{"rendered":"<p>Le Ministre de l\u2019Enseignement Sup\u00e9rieur, de la Recherche et de l\u2019Innovation a proc\u00e9d\u00e9, ce 29 juillet 2025 \u00e0 Diamniadio, au<\/p>\n","protected":false},"author":1,"featured_media":24607,"comment_status":"open","ping_status":"open","sticky":false,"template":"","format":"standard","meta":{"footnotes":""},"categories":[21],"tags":[],"class_list":["post-60724","post","type-post","status-publish","format-standard","has-post-thumbnail","hentry","category-societe"],"_links":{"self":[{"href":"https:\/\/dekkbi.com\/index.php?rest_route=\/wp\/v2\/posts\/60724","targetHints":{"allow":["GET"]}}],"collection":[{"href":"https:\/\/dekkbi.com\/index.php?rest_route=\/wp\/v2\/posts"}],"about":[{"href":"https:\/\/dekkbi.com\/index.php?rest_route=\/wp\/v2\/types\/post"}],"author":[{"embeddable":true,"href":"https:\/\/dekkbi.com\/index.php?rest_route=\/wp\/v2\/users\/1"}],"replies":[{"embeddable":true,"href":"https:\/\/dekkbi.com\/index.php?rest_route=%2Fwp%2Fv2%2Fcomments&post=60724"}],"version-history":[{"count":1,"href":"https:\/\/dekkbi.com\/index.php?rest_route=\/wp\/v2\/posts\/60724\/revisions"}],"predecessor-version":[{"id":60725,"href":"https:\/\/dekkbi.com\/index.php?rest_route=\/wp\/v2\/posts\/60724\/revisions\/60725"}],"wp:featuredmedia":[{"embeddable":true,"href":"https:\/\/dekkbi.com\/index.php?rest_route=\/wp\/v2\/media\/24607"}],"wp:attachment":[{"href":"https:\/\/dekkbi.com\/index.php?rest_route=%2Fwp%2Fv2%2Fmedia&parent=60724"}],"wp:term":[{"taxonomy":"category","embeddable":true,"href":"https:\/\/dekkbi.com\/index.php?rest_route=%2Fwp%2Fv2%2Fcategories&post=60724"},{"taxonomy":"post_tag","embeddable":true,"href":"https:\/\/dekkbi.com\/index.php?rest_route=%2Fwp%2Fv2%2Ftags&post=60724"}],"curies":[{"name":"wp","href":"https:\/\/api.w.org\/{rel}","templated":true}]}}