{"id":6072,"date":"2023-01-09T13:08:41","date_gmt":"2023-01-09T13:08:41","guid":{"rendered":"https:\/\/dekkbi.com\/?p=6072"},"modified":"2023-01-09T13:13:00","modified_gmt":"2023-01-09T13:13:00","slug":"france-le-deficit-commercial-continue-a-decelerer-en-novembre-a-13-milliards-deuros-douanes","status":"publish","type":"post","link":"https:\/\/dekkbi.com\/?p=6072","title":{"rendered":"France: le d\u00e9ficit commercial continue \u00e0 d\u00e9c\u00e9l\u00e9rer en novembre"},"content":{"rendered":"\n<p><\/p>\n\n\n\n<p><a href=\"https:\/\/www.addthis.com\/bookmark.php?v=300\"><\/a><a href=\"https:\/\/www.addthis.com\/bookmark.php?v=300\"><\/a><a href=\"https:\/\/www.addthis.com\/bookmark.php?v=300\" rel=\"noreferrer noopener\" target=\"_blank\"><\/a><a href=\"https:\/\/www.addthis.com\/bookmark.php?v=300\" rel=\"noreferrer noopener\" target=\"_blank\"><\/a><\/p>\n\n\n\n<p>Le d\u00e9ficit commercial de la France a ralenti sa progression pour le deuxi\u00e8me mois cons\u00e9cutif en novembre, s&rsquo;\u00e9tablissant \u00e0 13 milliards d&rsquo;euros gr\u00e2ce \u00e0 une diminution des importations d&rsquo;\u00e9nergie, ont indiqu\u00e9 les douanes lundi.<\/p>\n\n\n\n<p>Apr\u00e8s avoir atteint 14,1 milliards d&rsquo;euros en octobre, contre 14,4 milliards initialement estim\u00e9s, le d\u00e9ficit s&rsquo;est r\u00e9sorb\u00e9 de 1,1 milliard gr\u00e2ce \u00e0 un recul des importations (-1,5 milliard) plus important que celui des exportations (-0,4 milliard).<\/p>\n\n\n\n<p>Au total, la France a import\u00e9 des biens \u00e0 hauteur de 64,3 milliards en novembre et en a export\u00e9 pour 51,3 milliards.<\/p>\n\n\n\n<p>La diminution des importations \u00ab\u00a0est port\u00e9e par celle des approvisionnements \u00e9nerg\u00e9tiques qui baissent de 1,4 milliard ce mois-ci\u00a0\u00bb, indiquent les douanes.<\/p>\n\n\n\n<p>\u00ab\u00a0Le montant des approvisionnements en \u00e9nergie a en effet diminu\u00e9 de 10,4% (apr\u00e8s -8,2 % en octobre et -7,0 % en septembre), apr\u00e8s avoir continuellement augment\u00e9 depuis la fin de l\u2019ann\u00e9e 2020\u00a0\u00bb, est-il d\u00e9taill\u00e9.<\/p>\n\n\n\n<p>Mais en excluant les \u00e9changes de produits \u00e9nerg\u00e9tiques du p\u00e9rim\u00e8tre de la balance commerciale, celle-ci se d\u00e9grade l\u00e9g\u00e8rement d&rsquo;octobre \u00e0 novembre, \u00e0 hauteur de 300 millions d&rsquo;euros.<\/p>\n\n\n\n<p>En cumul sur douze mois, le d\u00e9ficit commercial \u00ab\u00a0poursuit sa d\u00e9gradation et atteint 159,5 milliards d&rsquo;euros\u00a0\u00bb, pr\u00e9cisent les douanes dans leur communiqu\u00e9.<\/p>\n\n\n\n<p>Sur l&rsquo;ensemble de l&rsquo;ann\u00e9e 2022, le gouvernement fran\u00e7ais table sur un solde n\u00e9gatif de 156 milliards d&rsquo;euros, d&rsquo;apr\u00e8s les documents du projet de loi de finances pour 2023.<\/p>\n\n\n\n<p>En 2021, le d\u00e9ficit commercial avait atteint un record historique de 85 milliards d&rsquo;euros.<\/p>\n\n\n\n<p>Du c\u00f4t\u00e9 de la balance des paiements, qui inclut les \u00e9changes de services, le d\u00e9ficit des transactions courantes a doubl\u00e9 entre octobre et novembre, passant de 3,4 milliards d&rsquo;euros \u00e0 6,8 milliards selon la Banque de France.<\/p>\n\n\n\n<p>AFP<\/p>\n","protected":false},"excerpt":{"rendered":"<p>Le d\u00e9ficit commercial de la France a ralenti sa progression pour le deuxi\u00e8me mois cons\u00e9cutif en novembre, s&rsquo;\u00e9tablissant \u00e0 13<\/p>\n","protected":false},"author":1,"featured_media":6073,"comment_status":"open","ping_status":"open","sticky":false,"template":"","format":"standard","meta":{"footnotes":""},"categories":[3],"tags":[],"class_list":["post-6072","post","type-post","status-publish","format-standard","has-post-thumbnail","hentry","category-event-more-news"],"_links":{"self":[{"href":"https:\/\/dekkbi.com\/index.php?rest_route=\/wp\/v2\/posts\/6072","targetHints":{"allow":["GET"]}}],"collection":[{"href":"https:\/\/dekkbi.com\/index.php?rest_route=\/wp\/v2\/posts"}],"about":[{"href":"https:\/\/dekkbi.com\/index.php?rest_route=\/wp\/v2\/types\/post"}],"author":[{"embeddable":true,"href":"https:\/\/dekkbi.com\/index.php?rest_route=\/wp\/v2\/users\/1"}],"replies":[{"embeddable":true,"href":"https:\/\/dekkbi.com\/index.php?rest_route=%2Fwp%2Fv2%2Fcomments&post=6072"}],"version-history":[{"count":2,"href":"https:\/\/dekkbi.com\/index.php?rest_route=\/wp\/v2\/posts\/6072\/revisions"}],"predecessor-version":[{"id":6079,"href":"https:\/\/dekkbi.com\/index.php?rest_route=\/wp\/v2\/posts\/6072\/revisions\/6079"}],"wp:featuredmedia":[{"embeddable":true,"href":"https:\/\/dekkbi.com\/index.php?rest_route=\/wp\/v2\/media\/6073"}],"wp:attachment":[{"href":"https:\/\/dekkbi.com\/index.php?rest_route=%2Fwp%2Fv2%2Fmedia&parent=6072"}],"wp:term":[{"taxonomy":"category","embeddable":true,"href":"https:\/\/dekkbi.com\/index.php?rest_route=%2Fwp%2Fv2%2Fcategories&post=6072"},{"taxonomy":"post_tag","embeddable":true,"href":"https:\/\/dekkbi.com\/index.php?rest_route=%2Fwp%2Fv2%2Ftags&post=6072"}],"curies":[{"name":"wp","href":"https:\/\/api.w.org\/{rel}","templated":true}]}}