{"id":60710,"date":"2025-07-29T10:21:54","date_gmt":"2025-07-29T10:21:54","guid":{"rendered":"https:\/\/dekkbi.com\/?p=60710"},"modified":"2025-07-29T10:21:54","modified_gmt":"2025-07-29T10:21:54","slug":"bruxelles-defend-son-accord-commercial-noue-avec-trump","status":"publish","type":"post","link":"https:\/\/dekkbi.com\/?p=60710","title":{"rendered":"Bruxelles d\u00e9fend son accord commercial nou\u00e9 avec Trump"},"content":{"rendered":"\n<p>Par Raziye AKKOC, Camille CAMDESSUS \u00a9 2025 AFP &#8211; Un \u00ab\u00a0bon\u00a0\u00bb compromis ou une capitulation face \u00e0 Trump? L&rsquo;Union europ\u00e9enne a cherch\u00e9 lundi \u00e0 d\u00e9fendre son accord commercial nou\u00e9 avec les Etats-Unis, qui suscite des r\u00e9actions tr\u00e8s contrast\u00e9es des capitales et grandes industries.<\/p>\n\n\n\n<p>\u00ab\u00a0Je suis 100% s\u00fbr que cet accord est meilleur qu&rsquo;une guerre commerciale avec les Etats-Unis\u00a0\u00bb, a affirm\u00e9 le n\u00e9gociateur en chef de l&rsquo;UE, Maros Sefcovic, lors d&rsquo;une conf\u00e9rence de presse.<\/p>\n\n\n\n<p>\u00ab\u00a0C&rsquo;est clairement le meilleur accord que nous pouvions obtenir dans des circonstances tr\u00e8s difficiles\u00a0\u00bb, a revendiqu\u00e9 ce commissaire europ\u00e9en, responsable des tractations avec Washington au nom des 27 Etats membres.<\/p>\n\n\n\n<p>Scell\u00e9 dimanche en Ecosse par la cheffe de la Commission, Ursula von der Leyen, et Donald Trump, le \u00ab\u00a0deal\u00a0\u00bb pr\u00e9voit une taxe de 15% sur les produits europ\u00e9ens export\u00e9s aux Etats-Unis.<\/p>\n\n\n\n<p>C&rsquo;est bien plus que le taux en vigueur avant le retour au pouvoir du pr\u00e9sident am\u00e9ricain. Mais bien moins que ce que le milliardaire r\u00e9publicain mena\u00e7ait d&rsquo;imposer au Vieux continent, faute d&rsquo;accord.<\/p>\n\n\n\n<p>En plus des droits de douane impos\u00e9s aux produits europ\u00e9ens, l&rsquo;UE s&rsquo;est engag\u00e9e \u00e0 750 milliards de dollars d&rsquo;achats d&rsquo;\u00e9nergie et \u00e0 600 milliards d&rsquo;investissements suppl\u00e9mentaires aux Etats-Unis.<\/p>\n\n\n\n<p>Les autres modalit\u00e9s ne sont pas encore connues et devraient \u00eatre partag\u00e9es par l&rsquo;UE et les Etats-Unis dans une d\u00e9claration commune au cours des prochains jours.<\/p>\n\n\n\n<p>Mais l&rsquo;accord a d\u00e9j\u00e0 fait bondir plusieurs capitales.<\/p>\n\n\n\n<p>Le Premier ministre fran\u00e7ais Fran\u00e7ois Bayrou a accus\u00e9 l&rsquo;Europe de se \u00ab\u00a0soumettre\u00a0\u00bb aux Etats-Unis, et regrett\u00e9 un \u00ab\u00a0jour sombre\u00a0\u00bb.<\/p>\n\n\n\n<p>Pour le dirigeant hongrois Viktor Orban, tr\u00e8s critique de Bruxelles, Donald Trump n&rsquo;a fait qu&rsquo;une bouch\u00e9e de la Commission europ\u00e9enne, charg\u00e9e de n\u00e9gocier cet accord commercial au nom des 27 Etats membres.<\/p>\n\n\n\n<p>\u00ab\u00a0Cela ressemble un peu \u00e0 une capitulation\u00a0\u00bb, note Alberto Rizzi, analyste aupr\u00e8s du Conseil europ\u00e9en pour les affaires \u00e9trang\u00e8res (ECFR). L&rsquo;accord accept\u00e9 par l&rsquo;UE est \u00ab\u00a0assez d\u00e9s\u00e9quilibr\u00e9\u00a0\u00bb, a affirm\u00e9 l&rsquo;expert \u00e0 l&rsquo;AFP, voyant l\u00e0 une \u00ab\u00a0victoire politique pour Trump\u00a0\u00bb.<\/p>\n\n\n\n<p>Ce partenariat commercial a m\u00eame \u00e9t\u00e9 raill\u00e9 par Moscou, qui a moqu\u00e9 les cons\u00e9quences \u00ab\u00a0tr\u00e8s dures\u00a0\u00bb pour l&rsquo;industrie europ\u00e9enne.<\/p>\n\n\n\n<h2 class=\"wp-block-heading\">\u00ab\u00a0Le mieux qu&rsquo;on pouvait obtenir\u00a0\u00bb<\/h2>\n\n\n\n<p>La pr\u00e9sidente de la Commission europ\u00e9enne a au contraire d\u00e9fendu un \u00ab\u00a0bon accord\u00a0\u00bb assurant qu&rsquo;il apporterait \u00ab\u00a0de la stabilit\u00e9\u00a0\u00bb aux consommateurs, investisseurs et industriels des deux c\u00f4t\u00e9s de l&rsquo;Atlantique.<\/p>\n\n\n\n<p>L&rsquo;accord permet d'\u00a0\u00bb\u00e9viter une escalade inutile\u00a0\u00bb, a estim\u00e9 le chancelier allemand Friedrich Merz. Il \u00e9vite un sc\u00e9nario \u00ab\u00a0potentiellement d\u00e9vastateur\u00a0\u00bb, a rench\u00e9ri la cheffe du gouvernement italien Giorgia Meloni.<\/p>\n\n\n\n<p>A Bruxelles, on admet que le deal n\u00e9goci\u00e9 place les Europ\u00e9ens dans une moins bonne posture qu&rsquo;auparavant. Tout en martelant que les alternatives &#8211; des droits de douane encore plus \u00e9lev\u00e9s ou l&rsquo;incertitude autour de l&rsquo;absence d&rsquo;accord &#8211; auraient \u00e9t\u00e9 bien pires.<\/p>\n\n\n\n<p>Et pour cause: les deux principales puissances commerciales de la plan\u00e8te s&rsquo;\u00e9changent chaque jour pr\u00e8s de 4,4 milliards d&rsquo;euros de biens et services.<\/p>\n\n\n\n<p>Le commissaire europ\u00e9en Maros Sefcovic a soulign\u00e9 qu&rsquo;il s&rsquo;\u00e9tait rendu \u00e0 Washington 10 fois avec ses \u00e9quipes pour trouver une issue \u00e0 ce diff\u00e9rend commercial. Et que des droits de douane plus \u00e9lev\u00e9s auraient mis jusqu&rsquo;\u00e0 5 millions d&#8217;emplois europ\u00e9ens en p\u00e9ril.<\/p>\n\n\n\n<p>Mais \u00e0 l&rsquo;image des capitales europ\u00e9ennes, les Bourses mondiales ont aussi r\u00e9serv\u00e9 un accueil mitig\u00e9 \u00e0 cet accord, \u00e9voluant sans v\u00e9ritable entrain.<\/p>\n\n\n\n<p>Pour le lobby europ\u00e9en de l&rsquo;automobile, une des industries les plus touch\u00e9es par ces droits de douane, il marque une \u00ab\u00a0d\u00e9sescalade\u00a0\u00bb bienvenue dans un contexte de \u00ab\u00a0grave incertitude\u00a0\u00bb.<\/p>\n\n\n\n<p>Les droits de douane convenus restent \u00ab\u00a0trop \u00e9lev\u00e9s\u00a0\u00bb, a toutefois protest\u00e9 la chimie allemande, qui repr\u00e9sente des g\u00e9ants industriels comme Bayer ou BASF.<\/p>\n\n\n\n<p>Il \u00ab\u00a0illustre la difficult\u00e9 qu&rsquo;a encore l&rsquo;UE \u00e0 faire valoir la puissance de son \u00e9conomie et l&rsquo;importance de son march\u00e9 int\u00e9rieur\u00a0\u00bb, a encore d\u00e9clar\u00e9 la premi\u00e8re organisation patronale fran\u00e7aise, le Medef.<\/p>\n","protected":false},"excerpt":{"rendered":"<p>Par Raziye AKKOC, Camille CAMDESSUS \u00a9 2025 AFP &#8211; Un \u00ab\u00a0bon\u00a0\u00bb compromis ou une capitulation face \u00e0 Trump? L&rsquo;Union europ\u00e9enne<\/p>\n","protected":false},"author":1,"featured_media":60631,"comment_status":"open","ping_status":"open","sticky":false,"template":"","format":"standard","meta":{"footnotes":""},"categories":[3],"tags":[],"class_list":["post-60710","post","type-post","status-publish","format-standard","has-post-thumbnail","hentry","category-event-more-news"],"_links":{"self":[{"href":"https:\/\/dekkbi.com\/index.php?rest_route=\/wp\/v2\/posts\/60710","targetHints":{"allow":["GET"]}}],"collection":[{"href":"https:\/\/dekkbi.com\/index.php?rest_route=\/wp\/v2\/posts"}],"about":[{"href":"https:\/\/dekkbi.com\/index.php?rest_route=\/wp\/v2\/types\/post"}],"author":[{"embeddable":true,"href":"https:\/\/dekkbi.com\/index.php?rest_route=\/wp\/v2\/users\/1"}],"replies":[{"embeddable":true,"href":"https:\/\/dekkbi.com\/index.php?rest_route=%2Fwp%2Fv2%2Fcomments&post=60710"}],"version-history":[{"count":1,"href":"https:\/\/dekkbi.com\/index.php?rest_route=\/wp\/v2\/posts\/60710\/revisions"}],"predecessor-version":[{"id":60711,"href":"https:\/\/dekkbi.com\/index.php?rest_route=\/wp\/v2\/posts\/60710\/revisions\/60711"}],"wp:featuredmedia":[{"embeddable":true,"href":"https:\/\/dekkbi.com\/index.php?rest_route=\/wp\/v2\/media\/60631"}],"wp:attachment":[{"href":"https:\/\/dekkbi.com\/index.php?rest_route=%2Fwp%2Fv2%2Fmedia&parent=60710"}],"wp:term":[{"taxonomy":"category","embeddable":true,"href":"https:\/\/dekkbi.com\/index.php?rest_route=%2Fwp%2Fv2%2Fcategories&post=60710"},{"taxonomy":"post_tag","embeddable":true,"href":"https:\/\/dekkbi.com\/index.php?rest_route=%2Fwp%2Fv2%2Ftags&post=60710"}],"curies":[{"name":"wp","href":"https:\/\/api.w.org\/{rel}","templated":true}]}}